{"id":2083,"date":"2017-05-25T15:21:29","date_gmt":"2017-05-25T14:21:29","guid":{"rendered":"http:\/\/blog.cobcm.net\/?p=2083"},"modified":"2017-05-25T15:21:29","modified_gmt":"2017-05-25T14:21:29","slug":"cuenta-atras-para-el-dia-de-las-profesiones-2017","status":"publish","type":"post","link":"https:\/\/cobcm.net\/blogcobcm\/2017\/05\/25\/cuenta-atras-para-el-dia-de-las-profesiones-2017\/","title":{"rendered":"Cuenta atr\u00e1s para el D\u00eda de las Profesiones 2017"},"content":{"rendered":"<p style=\"text-align: justify;\"><strong>Empieza la cuenta atr\u00e1s: quedan pocos d\u00edas para el martes 6 de junio, el D\u00eda de las Profesiones 2017. El evento se celebrar\u00e1 en la sede del COAM, en Madrid, y el Colegio Oficial de Bi\u00f3logos de la Comunidad de Madrid estar\u00e1 presente para dar a conocer el valioso trabajo de los bi\u00f3logos.<\/strong><\/p>\n<p style=\"text-align: justify;\"><img loading=\"lazy\" decoding=\"async\" class=\"aligncenter wp-image-2085\" src=\"https:\/\/cobcm.net\/blogcobcm\/wp-content\/uploads\/sites\/32017\/05\/di\u0301a-profesiones.jpg\" alt=\"Cuenta atr\u00e1s para el D\u00eda de las Profesiones 2017 \u2013 Blog COBCM\" width=\"650\" height=\"227\" srcset=\"https:\/\/cobcm.net\/wp-content\/uploads\/sites\/3\/2017\/05\/di\u0301a-profesiones.jpg 1000w, https:\/\/cobcm.net\/wp-content\/uploads\/sites\/3\/2017\/05\/di\u0301a-profesiones-300x105.jpg 300w, https:\/\/cobcm.net\/wp-content\/uploads\/sites\/3\/2017\/05\/di\u0301a-profesiones-768x269.jpg 768w\" sizes=\"(max-width: 650px) 100vw, 650px\" \/><\/p>\n<h2 style=\"text-align: justify;\">El I D\u00eda de las Profesiones se celebra el 6 de junio de 2017<\/h2>\n<p style=\"text-align: justify;\">El pr\u00f3ximo martes 6 de junio de 2017 se celebrar\u00e1 en Madrid un evento muy especial, el D\u00eda de las Profesiones. En esta primera edici\u00f3n, <strong>24 colegios profesionales<\/strong> de distintas \u00e1reas dar\u00e1n a conocer la importancia de sus especialidades para la sociedad.<\/p>\n<p style=\"text-align: justify;\">La jornada se ha puesto en marcha por iniciativa de la\u00a0<a href=\"http:\/\/www.uicm.org\/home.asp\" target=\"_blank\" rel=\"noopener\">UICM (Uni\u00f3n Interprofesional de la Comunidad de Madrid)<\/a>. La UICM es una <strong>asociaci\u00f3n sin \u00e1nimo de lucro que agrupa actualmente a 33 colegios profesionales<\/strong> de la regi\u00f3n, con un total de colegiados que ronda los 300.000.<\/p>\n<p style=\"text-align: justify;\">El COBCM forma parte de la UICM y estar\u00e1 presente en el evento para reivindicar la labor de los bi\u00f3logos y <strong>defender la importancia de los colegios profesionales<\/strong>.<\/p>\n<div class=\"fitvids-video\"><iframe loading=\"lazy\" title=\"Dia de Las Profesiones 2017\" width=\"660\" height=\"371\" src=\"https:\/\/www.youtube.com\/embed\/ipGomqV5PWg?feature=oembed\" frameborder=\"0\" allow=\"accelerometer; autoplay; clipboard-write; encrypted-media; gyroscope; picture-in-picture; web-share\" referrerpolicy=\"strict-origin-when-cross-origin\" allowfullscreen><\/iframe><\/div>\n<h2 style=\"text-align: justify;\">Informaci\u00f3n pr\u00e1ctica sobre el D\u00eda de las Profesiones 2017<\/h2>\n<p>Este evento, que se celebra ahora por primera vez, es totalmente gratuito y abierto para el p\u00fablico. El D\u00eda de las Profesiones 2017 se celebrar\u00e1 en la <strong>calle Hortaleza, 63 (en pleno centro de Madrid)<\/strong>, sede del Colegio de Arquitectos de la Comunidad de Madrid.<\/p>\n<p>Participar\u00e1n 24 colegios profesionales \u2013incluido el COBCM\u2013 para dar a conocer a la poblaci\u00f3n la esencia de las distintas profesiones, as\u00ed como el trabajo y el valor de los colegios.<\/p>\n<p>Los visitantes podr\u00e1n acercarse al recinto\u00a0<strong>desde las 10.00 hasta las 20.00 horas<\/strong>. El acto oficial de inauguraci\u00f3n se celebrar\u00e1 a las 11.30 de la ma\u00f1ana.<\/p>\n<p>En la sede del COAM <strong>se establecer\u00e1n \u00abPuntos de informaci\u00f3n\u00bb de los distintos colegios<\/strong> profesionales participantes. De este modo, los visitantes podr\u00e1n consultar cualquier duda y conocer de cerca la labor desarrollada por los distintos organismos.<\/p>\n<p>Adem\u00e1s, tanto la UICM como los colegios ofrecer\u00e1n <strong>conferencias breves sobre temas de inter\u00e9s general<\/strong> para los ciudadanos, en una zona especialmente habilitada y llamada <strong>\u00abRinc\u00f3n del ciudadano\u00bb<\/strong>.<\/p>\n<p style=\"text-align: justify;\">En la <a href=\"http:\/\/www.diaprofesionesuicm.es\/\" target=\"_blank\" rel=\"noopener\">p\u00e1gina web del evento<\/a> se pueden consultar todos los colegios participantes, as\u00ed como la informaci\u00f3n pr\u00e1ctica. \u00a1Nos vemos el 6 de junio!<\/p>\n","protected":false},"excerpt":{"rendered":"<p>Empieza la cuenta atr\u00e1s para uno de los eventos m\u00e1s esperados por el COBCM: el D\u00eda de las Profesiones 2017, que se celebrar\u00e1 el pr\u00f3ximo martes 6 de junio.<\/p>\n","protected":false},"author":2,"featured_media":0,"comment_status":"open","ping_status":"open","sticky":false,"template":"","format":"standard","meta":{"footnotes":""},"categories":[3],"tags":[11,384,383,381,625,626,505,627,630],"class_list":["post-2083","post","type-post","status-publish","format-standard","hentry","category-cobcm","tag-biologia","tag-cobcm","tag-colegio-de-biologos","tag-colegio-oficial-de-biologos-de-la-comunidad-de-madrid","tag-colegios-profesionales","tag-dia-de-las-profesiones","tag-eventos","tag-profesiones","tag-uicm"],"_links":{"self":[{"href":"https:\/\/cobcm.net\/blogcobcm\/wp-json\/wp\/v2\/posts\/2083"}],"collection":[{"href":"https:\/\/cobcm.net\/blogcobcm\/wp-json\/wp\/v2\/posts"}],"about":[{"href":"https:\/\/cobcm.net\/blogcobcm\/wp-json\/wp\/v2\/types\/post"}],"author":[{"embeddable":true,"href":"https:\/\/cobcm.net\/blogcobcm\/wp-json\/wp\/v2\/users\/2"}],"replies":[{"embeddable":true,"href":"https:\/\/cobcm.net\/blogcobcm\/wp-json\/wp\/v2\/comments?post=2083"}],"version-history":[{"count":3,"href":"https:\/\/cobcm.net\/blogcobcm\/wp-json\/wp\/v2\/posts\/2083\/revisions"}],"predecessor-version":[{"id":2087,"href":"https:\/\/cobcm.net\/blogcobcm\/wp-json\/wp\/v2\/posts\/2083\/revisions\/2087"}],"wp:attachment":[{"href":"https:\/\/cobcm.net\/blogcobcm\/wp-json\/wp\/v2\/media?parent=2083"}],"wp:term":[{"taxonomy":"category","embeddable":true,"href":"https:\/\/cobcm.net\/blogcobcm\/wp-json\/wp\/v2\/categories?post=2083"},{"taxonomy":"post_tag","embeddable":true,"href":"https:\/\/cobcm.net\/blogcobcm\/wp-json\/wp\/v2\/tags?post=2083"}],"curies":[{"name":"wp","href":"https:\/\/api.w.org\/{rel}","templated":true}]}}