{"id":2379,"date":"2018-01-24T16:06:11","date_gmt":"2018-01-24T15:06:11","guid":{"rendered":"http:\/\/blog.cobcm.net\/?p=2379"},"modified":"2018-01-24T16:06:11","modified_gmt":"2018-01-24T15:06:11","slug":"i-premio-experiencias-inspiradoras-del-programa-sociedad-y-areas-protegidas-2018","status":"publish","type":"post","link":"https:\/\/cobcm.net\/blogcobcm\/2018\/01\/24\/i-premio-experiencias-inspiradoras-del-programa-sociedad-y-areas-protegidas-2018\/","title":{"rendered":"I Premio Experiencias Inspiradoras del Programa Sociedad y \u00c1reas Protegidas 2018"},"content":{"rendered":"<p><strong>El Programa Sociedad y \u00c1reas Protegidas, impulsado por EUROPARC-Espa\u00f1a convoca el I Premio Experiencias Inspiradoras. El objetivo es reconocer las iniciativas y los proyectos inspiradores que est\u00e9n contribuyendo a la implementaci\u00f3n del programa.<\/strong><\/p>\n<p><img loading=\"lazy\" decoding=\"async\" class=\"aligncenter wp-image-2383\" src=\"https:\/\/cobcm.net\/blogcobcm\/wp-content\/uploads\/sites\/32018\/01\/europarc-espan\u0303a-1024x431.jpg\" alt=\"I Premio Experiencias Inspiradoras del Programa Sociedad y \u00c1reas Protegidas 2018 \u2013 Blog COBCM\" width=\"650\" height=\"273\" srcset=\"https:\/\/cobcm.net\/wp-content\/uploads\/sites\/3\/2018\/01\/europarc-espan\u0303a-1024x431.jpg 1024w, https:\/\/cobcm.net\/wp-content\/uploads\/sites\/3\/2018\/01\/europarc-espan\u0303a-300x126.jpg 300w, https:\/\/cobcm.net\/wp-content\/uploads\/sites\/3\/2018\/01\/europarc-espan\u0303a-768x323.jpg 768w, https:\/\/cobcm.net\/wp-content\/uploads\/sites\/3\/2018\/01\/europarc-espan\u0303a.jpg 1772w\" sizes=\"(max-width: 650px) 100vw, 650px\" \/><\/p>\n<h2>Premio Experiencias Inspiradoras de EUROPARC-Espa\u00f1a<\/h2>\n<p>El concurso est\u00e1 organizado por EUROPARC-Espa\u00f1a con el <strong>apoyo de la Fundaci\u00f3n Biodiversidad<\/strong> del Ministerio de Agricultura y Pesca, Alimentaci\u00f3n y Medio Ambiente.<\/p>\n<p>La organizaci\u00f3n se propone identificar experiencias inspiradoras y proyectos de calidad que puedan servir para contribuir a implementar el <strong>programa Programa Sociedad y \u00c1reas Protegidas<\/strong>.<\/p>\n<p>Las entidades interesadas podr\u00e1n <strong>presentar sus candidaturas hasta el 1 de abril de 2018<\/strong>.<\/p>\n<h3>Categor\u00eda general<\/h3>\n<p>En la categor\u00eda general se podr\u00e1n presentar los proyectos que hayan sido desarrollados por Administraciones ambientales miembros de EUROPARC-Espa\u00f1a o por otras entidades implicadas en las \u00e1reas protegidas.<\/p>\n<p>Entre estos proyectos se conceder\u00e1n dos premios.<\/p>\n<h3>Categor\u00eda especial del concurso: \u00abAdaptaci\u00f3n al cambio clim\u00e1tico\u00bb<\/h3>\n<p>En la categor\u00eda especial del Premio Experiencias Inspiradoras se conceder\u00e1 un premio a proyectos realizados en \u00e1reas protegidas expl\u00edcitamente para <strong>mejorar la capacidad de adaptaci\u00f3n de especies, habitats y ecosistemas<\/strong> al cambio clim\u00e1tico.<\/p>\n<p>La concesi\u00f3n de este premio en categor\u00eda especial es posible gracias a la mencionada Fundaci\u00f3n Biodiversidad del Ministerio de Agricultura, Pesca, Alimentaci\u00f3n y Medio Ambiente. Concretamente, el apoyo se enmarca en el proyecto\u00a0<em>Promover la adaptaci\u00f3n del cambio clim\u00e1tico en la gesti\u00f3n de las \u00e1reas protegidas de Espa\u00f1a<\/em>.<\/p>\n<h2>Bases e informaci\u00f3n sobre los premios<\/h2>\n<p>Las bases completas del premio se pueden encontrar <a href=\"http:\/\/www.redeuroparc.org\/premio-experiencias-inspiradoras\" target=\"_blank\" rel=\"noopener\">en la web de EUROPARC<\/a>. Las candidaturas se pueden presentar <strong>hasta el 1 de abril<\/strong>.<\/p>\n<p>Los proyectos premiados recibir\u00e1n un diploma acreditativo y la <strong>participaci\u00f3n en el ESPARC 2018 (Picos de europa, del 23 al 27 de mayo de 2018)<\/strong>. Adem\u00e1s, en la categor\u00eda especial se conceder\u00e1 un apoyo de 1500 euros para destinar a acciones de divulgaci\u00f3n de la actuaci\u00f3n premiada.<\/p>\n","protected":false},"excerpt":{"rendered":"<p>La Fundaci\u00f3n EUROPARC-Espa\u00f1a convoca el I Premio Experiencias Inspiradoras del Programa Sociedad y \u00c1reas Protegidas 2018. Presentaci\u00f3n de candidaturas hasta el 1 de abril.<\/p>\n","protected":false},"author":2,"featured_media":0,"comment_status":"open","ping_status":"open","sticky":false,"template":"","format":"standard","meta":{"footnotes":""},"categories":[1],"tags":[20,89,704,705,706,707],"class_list":["post-2379","post","type-post","status-publish","format-standard","hentry","category-general","tag-ciencia","tag-concurso","tag-europarc","tag-europarc-espana","tag-premio-experiencias-inspiradoras","tag-programa-sociedad-y-areas-protegidas"],"_links":{"self":[{"href":"https:\/\/cobcm.net\/blogcobcm\/wp-json\/wp\/v2\/posts\/2379"}],"collection":[{"href":"https:\/\/cobcm.net\/blogcobcm\/wp-json\/wp\/v2\/posts"}],"about":[{"href":"https:\/\/cobcm.net\/blogcobcm\/wp-json\/wp\/v2\/types\/post"}],"author":[{"embeddable":true,"href":"https:\/\/cobcm.net\/blogcobcm\/wp-json\/wp\/v2\/users\/2"}],"replies":[{"embeddable":true,"href":"https:\/\/cobcm.net\/blogcobcm\/wp-json\/wp\/v2\/comments?post=2379"}],"version-history":[{"count":4,"href":"https:\/\/cobcm.net\/blogcobcm\/wp-json\/wp\/v2\/posts\/2379\/revisions"}],"predecessor-version":[{"id":2384,"href":"https:\/\/cobcm.net\/blogcobcm\/wp-json\/wp\/v2\/posts\/2379\/revisions\/2384"}],"wp:attachment":[{"href":"https:\/\/cobcm.net\/blogcobcm\/wp-json\/wp\/v2\/media?parent=2379"}],"wp:term":[{"taxonomy":"category","embeddable":true,"href":"https:\/\/cobcm.net\/blogcobcm\/wp-json\/wp\/v2\/categories?post=2379"},{"taxonomy":"post_tag","embeddable":true,"href":"https:\/\/cobcm.net\/blogcobcm\/wp-json\/wp\/v2\/tags?post=2379"}],"curies":[{"name":"wp","href":"https:\/\/api.w.org\/{rel}","templated":true}]}}