{"id":2713,"date":"2018-07-11T08:00:49","date_gmt":"2018-07-11T07:00:49","guid":{"rendered":"http:\/\/blog.cobcm.net\/?p=2713"},"modified":"2018-07-09T10:33:08","modified_gmt":"2018-07-09T09:33:08","slug":"paisajes-mio-tuyo-nuestro-patrimonio","status":"publish","type":"post","link":"https:\/\/cobcm.net\/blogcobcm\/2018\/07\/11\/paisajes-mio-tuyo-nuestro-patrimonio\/","title":{"rendered":"El paisaje: m\u00edo, tuyo, nuestro patrimonio"},"content":{"rendered":"<p><span style=\"font-weight: 400;\">Abrimos esta entrada de blog con la siguiente pregunta sobre el paisaje: <\/span><\/p>\n<h6 style=\"text-align: center;\"><strong>\u00bfSiempre has pensado en el \u00abpaisaje\u00bb como solo naturaleza?<\/strong><\/h6>\n<p>Las definiciones ling\u00fc\u00edsticas tal y como nos las presenta la RAE :<span style=\"font-weight: 400;\"> \u00ab<em>Parte de un territorio que puede ser observado desde un determinado lugar<\/em>.\u00bb o \u00ab<em>espacio natural admirable por su aspecto art\u00edstico.<\/em>\u00bb no acaban de dar en el blanco. El turismo sostenible a la par que el crecimiento exponencial de contenidos audiovisuales del paisaje que nos rodea, muestran que todos tienen un punto est\u00e9tico \u00bfpero son siempre <strong><em>naturales<\/em><\/strong>?.<\/span><\/p>\n<h3>El Convenio Europeo del Paisaje (CEP)<\/h3>\n<p>Este <a href=\"https:\/\/www.coe.int\/en\/web\/landscape\/about-the-convention\" target=\"_blank\" rel=\"noopener\">convenio<\/a> fue creado en 2000 en Florencia, Italia, por el Consejo de Europa. Espa\u00f1a\u00a0lo ratific\u00f3 el 30 de noviembre de 2007 con la consecuente entrada en vigor\u00a0el 1 de marzo de 2008. Presenta una gran relevancia en temas paisaj\u00edsticos ya que es\u00a0<span style=\"font-weight: 400;\">el primer tratado internacional dedicado a los paisajes de Europa. Dentro del tratado, su figura de acci\u00f3n cubre\u00a0\u00e1reas naturales, \u00e1reas rurales, \u00e1reas urbanas y \u00e1reas peri urbanas. Algunos ejemplos son: los parques naturales, campos de regad\u00edo, las grandes ciudades o pueblos peque\u00f1os.\u00a0<\/span><span style=\"font-weight: 400;\">Incluye desde paisajes \u00abcotidianos\u00bb, aquellos \u00abdegradados\u00bb\u00a0hasta los \u00abespectaculares\u00bb.\u00a0<\/span><span style=\"font-weight: 400;\">Los objetivos principales del CEP son: <\/span><\/p>\n<ol>\n<li><span style=\"font-weight: 400;\">Proteger, gestionar, planificar y coordinar los esfuerzos europeos para salvaguardar los paisajes.<\/span><\/li>\n<li><span style=\"font-weight: 400;\">Concienciar sobre su valor dado que\u00a0<\/span><span style=\"font-weight: 400;\">\u00ab&#8230;es un elemento importante de la calidad de vida de las poblaciones en todas partes&#8230;\u00bb.<\/span><\/li>\n<\/ol>\n<p><img loading=\"lazy\" decoding=\"async\" class=\"aligncenter wp-image-2723 size-medium\" src=\"https:\/\/cobcm.net\/blogcobcm\/wp-content\/uploads\/sites\/32018\/07\/atlaspaisajes_tcm30-199943-209x300.jpg\" alt=\"\" width=\"209\" height=\"300\" srcset=\"https:\/\/cobcm.net\/wp-content\/uploads\/sites\/3\/2018\/07\/atlaspaisajes_tcm30-199943-209x300.jpg 209w, https:\/\/cobcm.net\/wp-content\/uploads\/sites\/3\/2018\/07\/atlaspaisajes_tcm30-199943-348x500.jpg 348w, https:\/\/cobcm.net\/wp-content\/uploads\/sites\/3\/2018\/07\/atlaspaisajes_tcm30-199943.jpg 557w\" sizes=\"(max-width: 209px) 100vw, 209px\" \/><\/p>\n<p><span style=\"font-weight: 400;\">El CEP\u00a0 en su art\u00edculo 1\u00b0\u00a0define al paisaje como:<\/span><span style=\"font-weight: 400;\"><br \/>\n<\/span><span style=\"font-weight: 400;\"><br \/>\n<\/span><span style=\"font-weight: 400;\">\u00abCualquier parte del territorio tal como la percibe la poblaci\u00f3n, cuyo car\u00e1cter sea el resultado de la acci\u00f3n y la interacci\u00f3n de factores naturales y\/o humanos.\u00bb<\/span><\/p>\n<p>En este mismo apartado, a la vez se definen otro conjunto de t\u00e9rminos de igual importancia: la\u00a0<span style=\"font-weight: 400;\">pol\u00edtica en materia de paisajes, el o<\/span><span style=\"font-weight: 400;\">bjetivo de calidad paisaj\u00edstica, la p<\/span><span style=\"font-weight: 400;\">rotecci\u00f3n de los paisajes, la g<\/span><span style=\"font-weight: 400;\">esti\u00f3n de los paisajes y la\u00a0<\/span><span style=\"font-weight: 400;\">ordenaci\u00f3n paisaj\u00edstica.<\/span><\/p>\n<p>Espa\u00f1a, al ratificar del Convenio, se ha comprometido a <strong>reconocer jur\u00eddicamente los paisajes<\/strong>. Tal y como es indicado en el articulo 5\u00b0 de este documento. En cuanto a otras medidas generales, entran en juego el resto de definiciones mencionadas para proteger, gestionar y ordenar el patrimonio paisaj\u00edstico.<\/p>\n<h3>Los documentos de paisaje<\/h3>\n<p><span style=\"font-weight: 400;\">Estos identifican, mapean y analizan varios factores (humanos, sociales, naturales) a mayor o menor grado. Ej: Atlas o cat\u00e1logos. Algunos documentos son de tipo de conocimiento, es decir abarcan el estudio f\u00edsico del territorio. Mientras que otros desarrollan\u00a0el como se maneja dicho territorio, la gesti\u00f3n del mismo. Tambi\u00e9n se pueden encontrar instrumentos de car\u00e1cter jur\u00eddico.\u00a0Estos son leyes o decretos que legislan aquel territorio en temas de paisaje, ya sea a nivel nacional o auton\u00f3mico. No obstante, n<\/span><span style=\"font-weight: 400;\">o es imprescindible que est\u00e9n estos para elaborar los instrumentos anteriores pero consiguen<\/span><span style=\"font-weight: 400;\">\u00a0estructurar y distribuir los temas paisaj\u00edsticos a tratar.<\/span><\/p>\n<p>A la hora de trabajar el paisaje, deben tenerse en consideraci\u00f3n las escalas y superficies a evaluar.\u00a0<span style=\"font-weight: 400;\">A una mayor escala se observa n\u00edtidamente la funci\u00f3n de cada tipo de instrumento. A su vez, las\u00a0<\/span><span style=\"font-weight: 400;\">\u00e1reas peque\u00f1as pueden presentar un mayor n\u00famero de instrumentos que cubran su superficie. Se es capaz de elaborar documentos de paisaje a nivel nacional, auton\u00f3mico, regional y\/o comarcal. Sin embargo, <strong>la ejecuci\u00f3n de las competencias en materia de paisaje recaen sobre las Comunidades Aut\u00f3nomas<\/strong> y no sobre el Estado Espa\u00f1ol. Por lo que deriva en\u00a0diferencias considerables entre las propias Comunidades Aut\u00f3nomas respecto al n\u00famero de instrumentos creados.<br \/>\n<\/span><\/p>\n<p><span style=\"font-weight: 400;\">En conclusi\u00f3n: Es necesario integrar conocimientos y disciplinas, en las cuales destaca la visi\u00f3n global de la Biolog\u00eda. El paisaje va m\u00e1s all\u00e1 de la naturaleza. <\/span><span style=\"font-weight: 400;\"><br \/>\n<\/span><\/p>\n<p>&nbsp;<\/p>\n<h5 style=\"text-align: center;\"><span style=\"font-weight: 400;\">&#8211; \u00ab<em>La diferencia entre paisaje y paisaje es poca, pero hay una gran diferencia entre los que lo miran.<\/em>\u00bb &#8211; <\/span><\/h5>\n<p style=\"text-align: center;\"><span style=\"font-weight: 400;\">Ralph W. Emerson<\/span><\/p>\n<p>&nbsp;<\/p>\n<p>Para m\u00e1s informaci\u00f3n: <a href=\"http:\/\/www.aepaisajistas.org\/paisajismo\/c-e-paisaje\/\" target=\"_blank\" rel=\"noopener\">Asociaci\u00f3n Espa\u00f1ola de Paisajistas<\/a>\u00a0+ <a href=\"https:\/\/afeccionesalplaneamientourbanistico.wordpress.com\/2016\/04\/17\/convenio-europeo-del-paisaje-su-aplicacion-en-espana\/\" target=\"_blank\" rel=\"noopener\">GREAP<\/a><\/p>\n<p>Autora: Milagros Bonacchi<\/p>\n","protected":false},"excerpt":{"rendered":"<p>Abrimos esta entrada de blog con la siguiente pregunta sobre el paisaje: \u00bfSiempre has pensado en el \u00abpaisaje\u00bb como solo<\/p>\n","protected":false},"author":2,"featured_media":2725,"comment_status":"open","ping_status":"open","sticky":false,"template":"","format":"standard","meta":{"footnotes":""},"categories":[21,114,722],"tags":[745,744,737],"class_list":["post-2713","post","type-post","status-publish","format-standard","has-post-thumbnail","hentry","category-divulgacion","category-biodiversidad-2","category-informacion","tag-convenio-europeo-del-paisaje","tag-paisajes","tag-patrimonio"],"_links":{"self":[{"href":"https:\/\/cobcm.net\/blogcobcm\/wp-json\/wp\/v2\/posts\/2713"}],"collection":[{"href":"https:\/\/cobcm.net\/blogcobcm\/wp-json\/wp\/v2\/posts"}],"about":[{"href":"https:\/\/cobcm.net\/blogcobcm\/wp-json\/wp\/v2\/types\/post"}],"author":[{"embeddable":true,"href":"https:\/\/cobcm.net\/blogcobcm\/wp-json\/wp\/v2\/users\/2"}],"replies":[{"embeddable":true,"href":"https:\/\/cobcm.net\/blogcobcm\/wp-json\/wp\/v2\/comments?post=2713"}],"version-history":[{"count":11,"href":"https:\/\/cobcm.net\/blogcobcm\/wp-json\/wp\/v2\/posts\/2713\/revisions"}],"predecessor-version":[{"id":2726,"href":"https:\/\/cobcm.net\/blogcobcm\/wp-json\/wp\/v2\/posts\/2713\/revisions\/2726"}],"wp:featuredmedia":[{"embeddable":true,"href":"https:\/\/cobcm.net\/blogcobcm\/wp-json\/wp\/v2\/media\/2725"}],"wp:attachment":[{"href":"https:\/\/cobcm.net\/blogcobcm\/wp-json\/wp\/v2\/media?parent=2713"}],"wp:term":[{"taxonomy":"category","embeddable":true,"href":"https:\/\/cobcm.net\/blogcobcm\/wp-json\/wp\/v2\/categories?post=2713"},{"taxonomy":"post_tag","embeddable":true,"href":"https:\/\/cobcm.net\/blogcobcm\/wp-json\/wp\/v2\/tags?post=2713"}],"curies":[{"name":"wp","href":"https:\/\/api.w.org\/{rel}","templated":true}]}}