{"id":272,"date":"2012-03-01T13:31:00","date_gmt":"2012-03-01T12:31:00","guid":{"rendered":"http:\/\/blog.cobcm.net\/?p=272"},"modified":"2012-03-01T13:37:43","modified_gmt":"2012-03-01T12:37:43","slug":"la-carraca-ave-del-ano","status":"publish","type":"post","link":"https:\/\/cobcm.net\/blogcobcm\/2012\/03\/01\/la-carraca-ave-del-ano\/","title":{"rendered":"La carraca, ave del a\u00f1o"},"content":{"rendered":"<p><a href=\"https:\/\/cobcm.net\/blogcobcm\/wp-content\/uploads\/sites\/32012\/03\/carraca.jpg\"><img loading=\"lazy\" decoding=\"async\" src=\"https:\/\/cobcm.net\/blogcobcm\/wp-content\/uploads\/sites\/32012\/03\/carraca.jpg\" alt=\"\" title=\"carraca\" width=\"600\" height=\"399\" class=\"aligncenter size-full wp-image-273\" srcset=\"https:\/\/cobcm.net\/wp-content\/uploads\/sites\/3\/2012\/03\/carraca.jpg 600w, https:\/\/cobcm.net\/wp-content\/uploads\/sites\/3\/2012\/03\/carraca-300x199.jpg 300w\" sizes=\"(max-width: 600px) 100vw, 600px\" \/><\/a><\/p>\n<p>La <strong>carraca europea (<em>Coracias garrulus<\/em>) <\/strong>ha sido elegida hoy <strong>Ave del A\u00f1o 2012<\/strong> por SEO\/BirdLife para divulgar las amenazas que acechan a esta especie migratoria cada d\u00eda m\u00e1s escasa en nuestro pa\u00eds. Un censo popular, el seguimiento v\u00eda sat\u00e9lite de algunos ejemplares, el impulso para que las comunidades aut\u00f3nomas redacten sus planes de acci\u00f3n, as\u00ed como numerosas actividades de divulgaci\u00f3n con la poblaci\u00f3n, son algunas de las acciones previstas por la organizaci\u00f3n para este a\u00f1o.<\/p>\n<p>El nombre de la especie en castellano probablemente hace referencia a su <strong>reclamo ruidoso y sonoro<\/strong>, traqueteante, que se asemeja al sonido de las carracas de madera que se utilizan como juguetes infantiles o en algunas fiestas lit\u00fargicas espa\u00f1olas. Por el mes de abril comienza a o\u00edrse el caracter\u00edstico reclamo de estos p\u00e1jaros, que tienen color azulado en pecho y alas y pertenecen al mismo orden que el mart\u00edn pescador. Las cuencas de los grandes r\u00edos -Duero, Guadiana, Tajo y Guadalquivir-, sureste peninsular y valle del Ebro conforman el grueso de su distribuci\u00f3n en Espa\u00f1a. Es en esta \u00e9poca cuando llegan las carracas desde la lejana \u00c1frica subsahariana, donde han pasado los meses invernales, para emparejarse y sacar adelante su prole.<\/p>\n","protected":false},"excerpt":{"rendered":"<p>La carraca europea (Coracias garrulus) ha sido elegida hoy Ave del A\u00f1o 2012 por SEO\/BirdLife para divulgar las amenazas que<\/p>\n","protected":false},"author":2,"featured_media":0,"comment_status":"open","ping_status":"open","sticky":false,"template":"","format":"standard","meta":{"footnotes":""},"categories":[21],"tags":[94],"class_list":["post-272","post","type-post","status-publish","format-standard","hentry","category-divulgacion","tag-ornitologia"],"_links":{"self":[{"href":"https:\/\/cobcm.net\/blogcobcm\/wp-json\/wp\/v2\/posts\/272"}],"collection":[{"href":"https:\/\/cobcm.net\/blogcobcm\/wp-json\/wp\/v2\/posts"}],"about":[{"href":"https:\/\/cobcm.net\/blogcobcm\/wp-json\/wp\/v2\/types\/post"}],"author":[{"embeddable":true,"href":"https:\/\/cobcm.net\/blogcobcm\/wp-json\/wp\/v2\/users\/2"}],"replies":[{"embeddable":true,"href":"https:\/\/cobcm.net\/blogcobcm\/wp-json\/wp\/v2\/comments?post=272"}],"version-history":[{"count":3,"href":"https:\/\/cobcm.net\/blogcobcm\/wp-json\/wp\/v2\/posts\/272\/revisions"}],"predecessor-version":[{"id":276,"href":"https:\/\/cobcm.net\/blogcobcm\/wp-json\/wp\/v2\/posts\/272\/revisions\/276"}],"wp:attachment":[{"href":"https:\/\/cobcm.net\/blogcobcm\/wp-json\/wp\/v2\/media?parent=272"}],"wp:term":[{"taxonomy":"category","embeddable":true,"href":"https:\/\/cobcm.net\/blogcobcm\/wp-json\/wp\/v2\/categories?post=272"},{"taxonomy":"post_tag","embeddable":true,"href":"https:\/\/cobcm.net\/blogcobcm\/wp-json\/wp\/v2\/tags?post=272"}],"curies":[{"name":"wp","href":"https:\/\/api.w.org\/{rel}","templated":true}]}}