{"id":2753,"date":"2018-08-01T00:03:45","date_gmt":"2018-07-31T23:03:45","guid":{"rendered":"http:\/\/blog.cobcm.net\/?p=2753"},"modified":"2018-08-01T00:16:35","modified_gmt":"2018-07-31T23:16:35","slug":"la-junta-de-gobierno-del-cobcm","status":"publish","type":"post","link":"https:\/\/cobcm.net\/blogcobcm\/2018\/08\/01\/la-junta-de-gobierno-del-cobcm\/","title":{"rendered":"La Junta de Gobierno del COBCM"},"content":{"rendered":"<p>La Junta de Gobierno es el \u00f3rgano ejecutivo, de direcci\u00f3n y administraci\u00f3n del COBCM. Como toda Corporaci\u00f3n de Derecho P\u00fablico, como son los colegios profesionales entre otros, las funciones y r\u00e9gimen de funcionamiento est\u00e1n perfectamente regulados en los Estatutos del COBCM, aprobados en su momento por los colegiados.<\/p>\n<h2>Competencias<\/h2>\n<ul>\n<li>Ejecutar los acuerdos de la <a href=\"http:\/\/cobcm.net\/junta-general-de-colegiados\/\" target=\"_blank\" rel=\"noopener\">Junta General de colegiados<\/a>.<\/li>\n<li>Cumplir y hacer cumplir los <a href=\"http:\/\/cobcm.net\/estatutos-del-cobcm\/\" target=\"_blank\" rel=\"noopener\">Estatutos y Reglamentos del COBCM<\/a>.<\/li>\n<li>Dirigir la gesti\u00f3n y administraci\u00f3n del COBCM para el cumplimiento de sus fines.<\/li>\n<li>Manifestar, en forma oficial y p\u00fablica, la opini\u00f3n del COBCM.<\/li>\n<li>Representar los intereses profesionales ante los poderes p\u00fablicos, as\u00ed como velar por el <a href=\"http:\/\/cobcm.net\/category\/defensa-de-la-profesion\/\" target=\"_blank\" rel=\"noopener\">prestigio de la profesi\u00f3n y de la defensa de sus derechos<\/a>.<\/li>\n<li>Presentar estudios, informes y dict\u00e1menes cuando le sean requeridos, asesorando a los \u00f3rganos del Estado y a cualesquiera entidades p\u00fablicas o privadas. Para ello se podr\u00e1n designar Comisiones de trabajo espec\u00edficas.<\/li>\n<\/ul>\n<p><img loading=\"lazy\" decoding=\"async\" class=\"size-large wp-image-2755 aligncenter\" src=\"https:\/\/cobcm.net\/blogcobcm\/wp-content\/uploads\/sites\/32018\/07\/office-1516329_1920-copia-1024x479.jpg\" alt=\"\" width=\"1024\" height=\"479\" srcset=\"https:\/\/cobcm.net\/wp-content\/uploads\/sites\/3\/2018\/07\/office-1516329_1920-copia-1024x479.jpg 1024w, https:\/\/cobcm.net\/wp-content\/uploads\/sites\/3\/2018\/07\/office-1516329_1920-copia-300x140.jpg 300w, https:\/\/cobcm.net\/wp-content\/uploads\/sites\/3\/2018\/07\/office-1516329_1920-copia-768x360.jpg 768w, https:\/\/cobcm.net\/wp-content\/uploads\/sites\/3\/2018\/07\/office-1516329_1920-copia-400x187.jpg 400w, https:\/\/cobcm.net\/wp-content\/uploads\/sites\/3\/2018\/07\/office-1516329_1920-copia-1025x480.jpg 1025w, https:\/\/cobcm.net\/wp-content\/uploads\/sites\/3\/2018\/07\/office-1516329_1920-copia.jpg 1918w\" sizes=\"(max-width: 1024px) 100vw, 1024px\" \/><\/p>\n<ul>\n<li>Designar los representantes del COBCM en los \u00f3rganos consultivos de las distintas Administraciones P\u00fablicas.<\/li>\n<li>Acordar el ejercicio de acciones y la interposici\u00f3n de <a href=\"http:\/\/cobcm.net\/recursos-ante-la-administracion\/\" target=\"_blank\" rel=\"noopener\">recursos administrativos y jurisdiccionales<\/a>.<\/li>\n<li>Someter cualquier asunto de inter\u00e9s general para el COBCM a la deliberaci\u00f3n y acuerdo de la Junta General.<\/li>\n<li>Regular los procedimientos de <a href=\"http:\/\/cobcm.net\/como-colegiarse\/\" target=\"_blank\" rel=\"noopener\">colegiaci\u00f3n<\/a>, baja, pago de cuotas y otras aportaciones y cobro de honorarios, seg\u00fan los Estatutos.<\/li>\n<li>Organizar actividades y servicios de car\u00e1cter cultural, profesional, asistencial y de previsi\u00f3n en beneficio de los colegiados.<\/li>\n<li>Crear Comisiones abiertas, por iniciativa propia o de los colegiados.<\/li>\n<li>Recaudar las cuotas y aportaciones establecidas, elaborar el presupuesto anual, el balance anual, ejecutar el presupuesto y organizar y dirigir el funcionamiento de los servicios generales del COBCM.<\/li>\n<li>Informar a los colegiados de las actividades y acuerdos del COBCM y preparar la Memoria anual de su gesti\u00f3n.<\/li>\n<li>Nombrar y cesar el personal administrativo y de servicios del COBCM.<\/li>\n<li>Confeccionar, peri\u00f3dicamente, un <a href=\"http:\/\/cobcm.net\/directorio-colegiados\/\" target=\"_blank\" rel=\"noopener\">directorio de colegiados<\/a> y difundirlos entre \u00e9stos y las dem\u00e1s personas jur\u00eddicas a las que pueda interesar.<\/li>\n<li>Acordar la convocatoria de sesiones ordinarias y extraordinarias de la Junta General.<\/li>\n<li>Convocar la elecci\u00f3n de cargos para la Junta de Gobierno.<\/li>\n<li>Aprobar el Acta de la sesi\u00f3n anterior.<\/li>\n<li>Adquirir o enajenar cualquier clase de bienes del COBCM seg\u00fan el presupuesto vigente y aprobado por la Junta General.<\/li>\n<\/ul>\n<p><img loading=\"lazy\" decoding=\"async\" class=\"aligncenter wp-image-2764\" src=\"https:\/\/cobcm.net\/blogcobcm\/wp-content\/uploads\/sites\/32018\/07\/owl-50267_1920-1024x769.jpg\" alt=\"\" width=\"500\" height=\"375\" srcset=\"https:\/\/cobcm.net\/wp-content\/uploads\/sites\/3\/2018\/07\/owl-50267_1920-1024x769.jpg 1024w, https:\/\/cobcm.net\/wp-content\/uploads\/sites\/3\/2018\/07\/owl-50267_1920-300x225.jpg 300w, https:\/\/cobcm.net\/wp-content\/uploads\/sites\/3\/2018\/07\/owl-50267_1920-768x576.jpg 768w, https:\/\/cobcm.net\/wp-content\/uploads\/sites\/3\/2018\/07\/owl-50267_1920-400x300.jpg 400w, https:\/\/cobcm.net\/wp-content\/uploads\/sites\/3\/2018\/07\/owl-50267_1920-175x131.jpg 175w, https:\/\/cobcm.net\/wp-content\/uploads\/sites\/3\/2018\/07\/owl-50267_1920-666x500.jpg 666w, https:\/\/cobcm.net\/wp-content\/uploads\/sites\/3\/2018\/07\/owl-50267_1920.jpg 1920w\" sizes=\"(max-width: 500px) 100vw, 500px\" \/><\/p>\n<h2>Junta de Gobierno actual<\/h2>\n<p><strong>Decano<\/strong> \u00c1ngel Fern\u00e1ndez Ipar<br \/>\n<strong>Vicedecana 1\u00aa<\/strong> M\u00aa Isabel Lorenzo Luque<br \/>\n<strong>Vicedecano 2\u00ba<\/strong> Emilio Pascual Dom\u00ednguez<br \/>\n<strong>Secretario<\/strong> Juan E. Jim\u00e9nez Pinillos<br \/>\n<strong>Tesorera<\/strong> Mar P\u00e9rez Calvo<br \/>\n<strong>Vocal 1\u00ba<\/strong> Pablo Refoyo Rom\u00e1n<br \/>\n<strong>Vocal 2\u00aa<\/strong> M\u00aa Isabel Marta Morales<br \/>\n<strong>Vocal 3\u00ba<\/strong> Lorenzo Vidal S\u00e1nchez<br \/>\n<strong>Vocal 4\u00ba<\/strong> Rafael Moreno Benito<br \/>\n<strong>Vocal 5\u00ba<\/strong> Rub\u00e9n \u00c1lvarez Moreno<br \/>\n<strong>Vocal 6\u00ba<\/strong> Santiago Molina Cruzate<\/p>\n<p>Si quieres conocer en mayor profundidad la composici\u00f3n y funciones de cada miembro de la Junta de Gobierno, puedes hacerlo en la <a href=\"http:\/\/cobcm.net\/junta-de-gobierno\/\" target=\"_blank\" rel=\"noopener\">p\u00e1gina web<\/a> del COBCM.<\/p>\n<p>La Junta de Gobierno se elige democr\u00e1ticamente cada 4 a\u00f1os en una elecciones a la que est\u00e1n invitados a participar todos los colegiados<\/p>\n","protected":false},"excerpt":{"rendered":"<p>La Junta de Gobierno es el \u00f3rgano ejecutivo, de direcci\u00f3n y administraci\u00f3n del COBCM. Como toda Corporaci\u00f3n de Derecho P\u00fablico,<\/p>\n","protected":false},"author":2,"featured_media":2760,"comment_status":"open","ping_status":"open","sticky":false,"template":"","format":"standard","meta":{"footnotes":""},"categories":[1,3,722],"tags":[751,750,752],"class_list":["post-2753","post","type-post","status-publish","format-standard","has-post-thumbnail","hentry","category-general","category-cobcm","category-informacion","tag-competencia","tag-junta-de-gobierno","tag-organigrama"],"_links":{"self":[{"href":"https:\/\/cobcm.net\/blogcobcm\/wp-json\/wp\/v2\/posts\/2753"}],"collection":[{"href":"https:\/\/cobcm.net\/blogcobcm\/wp-json\/wp\/v2\/posts"}],"about":[{"href":"https:\/\/cobcm.net\/blogcobcm\/wp-json\/wp\/v2\/types\/post"}],"author":[{"embeddable":true,"href":"https:\/\/cobcm.net\/blogcobcm\/wp-json\/wp\/v2\/users\/2"}],"replies":[{"embeddable":true,"href":"https:\/\/cobcm.net\/blogcobcm\/wp-json\/wp\/v2\/comments?post=2753"}],"version-history":[{"count":10,"href":"https:\/\/cobcm.net\/blogcobcm\/wp-json\/wp\/v2\/posts\/2753\/revisions"}],"predecessor-version":[{"id":2767,"href":"https:\/\/cobcm.net\/blogcobcm\/wp-json\/wp\/v2\/posts\/2753\/revisions\/2767"}],"wp:featuredmedia":[{"embeddable":true,"href":"https:\/\/cobcm.net\/blogcobcm\/wp-json\/wp\/v2\/media\/2760"}],"wp:attachment":[{"href":"https:\/\/cobcm.net\/blogcobcm\/wp-json\/wp\/v2\/media?parent=2753"}],"wp:term":[{"taxonomy":"category","embeddable":true,"href":"https:\/\/cobcm.net\/blogcobcm\/wp-json\/wp\/v2\/categories?post=2753"},{"taxonomy":"post_tag","embeddable":true,"href":"https:\/\/cobcm.net\/blogcobcm\/wp-json\/wp\/v2\/tags?post=2753"}],"curies":[{"name":"wp","href":"https:\/\/api.w.org\/{rel}","templated":true}]}}