{"id":2868,"date":"2018-10-23T20:08:18","date_gmt":"2018-10-23T19:08:18","guid":{"rendered":"http:\/\/blog.cobcm.net\/?p=2868"},"modified":"2018-10-23T20:08:18","modified_gmt":"2018-10-23T19:08:18","slug":"ciclo-conferencias-calidad-en-la-educacion","status":"publish","type":"post","link":"https:\/\/cobcm.net\/blogcobcm\/2018\/10\/23\/ciclo-conferencias-calidad-en-la-educacion\/","title":{"rendered":"Ciclo de conferencias \u201cCalidad en la educaci\u00f3n\u201d"},"content":{"rendered":"<p>La necesidad de mejorar el sistema educativo plantea la puesta en marcha de organizar un ciclo de conferencias enfocadas a la calidad de la educaci\u00f3n. Esta iniciativa aprovech\u00f3 la celebraci\u00f3n de la <a href=\"https:\/\/cobcm.net\/blog\/2017\/11\/13\/xvi-olimpiada-de-biologia-de-la-comunidad-de-madrid\/\" target=\"_blank\" rel=\"noopener\">XVI Olimpiada de Biolog\u00eda de la Comunidad de Madrid<\/a>, que tuvo lugar en la Universidad de Alcal\u00e1 de Henares.<\/p>\n<p>El proyecto se desarrolla en colaboraci\u00f3n del <a href=\"https:\/\/cobcm.net\/\" target=\"_blank\" rel=\"noopener\">Colegio Oficial de Bi\u00f3logos de la Comunidad de Madrid<\/a>, <a href=\"https:\/\/ibersaf.es\/\" target=\"_blank\" rel=\"noopener\">Grupo Ibersaf<\/a> y <a href=\"https:\/\/www.ceim.es\/\" target=\"_blank\" rel=\"noopener\">CEIM<\/a>.<\/p>\n<p>La primera conferencia, cuyo tema fue \u201c<em>Evaluaci\u00f3n del alumno y del centro educativo I\u201d<\/em>, cont\u00f3 con la participaci\u00f3n de representantes del Ministerio de Educaci\u00f3n, Consejer\u00eda de Educaci\u00f3n de la Comunidad de Madrid, la UAH y del Colegio Oficial de Bi\u00f3logos de la Comunidad de Madrid.<\/p>\n<h5><strong><em>Objeto<\/em><\/strong><\/h5>\n<p>Con este ciclo de conferencias se trata de dar una respuesta a los retos de la educaci\u00f3n, abriendo espacios de comunicaci\u00f3n entre las instituciones p\u00fablicas, la comunidad educativa, asociaciones profesionales, familias y empresas.<\/p>\n<p>Forma parte del objetivo de este proyecto\u00a0dar un paso adelante\u00a0buscando la opini\u00f3n de la sociedad sobre la importancia de la educaci\u00f3n, entendi\u00e9ndola como un bien com\u00fan y creador de riqueza.<\/p>\n<h5><strong><em>Formato<\/em><\/strong><\/h5>\n<p>Las mesas redondas se planifican en funci\u00f3n de los temas a tratar y los ponentes son seleccionados por su experiencia y prestigio profesional, pertenecen al sector p\u00fablico, al colectivo de profesores y al \u00e1mbito empresarial.<\/p>\n<h5><strong><em>Destinatarios<\/em><\/strong><\/h5>\n<p>Las conferencias est\u00e1n dirigidas tanto a los miembros de los centros de educaci\u00f3n p\u00fablicos y privados &#8211;\u00a0al profesorado en general y alumnos- , asociaciones profesionales, grandes empresas, y en definitiva la sociedad en su conjunto.<\/p>\n<h5><strong><em>Calendario de las Conferencias\u00a0 <\/em><\/strong><strong>2018-2019<\/strong><\/h5>\n<p><strong>1\u00aa Febrero. \u00a0\u00a0\u00a0\u00a0\u00a0\u00a0\u00a0 \u201c<\/strong><em>Evaluaci\u00f3n del alumno y del centro educativo I\u201d.<\/em><\/p>\n<p><strong>2\u00aa Junio<\/strong>.\u00a0 \u00a0 \u00a0 \u00a0 \u00a0 \u00a0 \u00a0 \u201c<em><a href=\"https:\/\/cobcm.net\/blog\/2018\/06\/20\/ciclo-de-conferencias-calidad-en-la-educacion\/\" target=\"_blank\" rel=\"noopener\">Evaluaci\u00f3n del alumno y del centro educativo II<\/a>\u201d.\u00a0<\/em><\/p>\n<p><strong>3\u00aa Octubre.\u00a0 \u00a0 \u00a0 \u00a0 \u00a0\u201c<\/strong><em><a href=\"https:\/\/cobcm.net\/blog\/2018\/10\/23\/conferencia-formacion-profesional-y-empleo-i\/\" target=\"_blank\" rel=\"noopener\">Formaci\u00f3n profesional y empleo I<\/a>\u201d.<\/em><\/p>\n<p><strong>4\u00aa Diciembre. \u00a0\u00a0\u00a0 \u201c<\/strong><em>Formaci\u00f3n profesional y empleo II\u201d.<\/em><\/p>\n<p><strong>5\u00aa Febrero.\u00a0 \u00a0 \u00a0 \u00a0 \u00a0 \u201c<\/strong><em>Formaci\u00f3n del docente<\/em> \u201c. (Coincidir\u00e1 con la <a href=\"https:\/\/cobcm.net\/blog\/2018\/10\/09\/xvii-olimpiada-de-biologia-de-la-comunidad-de-madrid\/\" target=\"_blank\" rel=\"noopener\">XVII OBCM<\/a>).<\/p>\n<p><strong>6\u00aa Abril.\u00a0 \u00a0 \u00a0 \u00a0 \u00a0 \u00a0 \u00a0 \u00a0\u201c<\/strong><em>Tecnolog\u00eda en la ense\u00f1anza\u201d<\/em>.<\/p>\n<p><strong>7\u00aa Mayo.\u00a0 \u00a0 \u00a0 \u00a0 \u00a0 \u00a0 \u00a0 \u201c<\/strong><em>Transferencia de conocimiento con la universidad\u201d.<\/em><\/p>\n<p><strong>8\u00aa Junio.\u00a0 \u00a0 \u00a0 \u00a0 \u00a0 \u00a0 \u00a0 \u201c<\/strong><em>Formaci\u00f3n superior y acceso a la universidad\u201d<\/em>.<\/p>\n<h5><strong><em>Comunicaci\u00f3n y difusi\u00f3n<\/em><\/strong><\/h5>\n<p>Est\u00e1 previsto generar noticias sobre las conferencias para su difusi\u00f3n en los medios (prensa, revistas especializadas, redes sociales etc.).<\/p>\n<h5><strong><em>Conclusi\u00f3n<\/em><\/strong><\/h5>\n<p>Tras la primera conferencia se cre\u00f3 el \u201c<em>Grupo de Reflexi\u00f3n<\/em>\u201d, constituido por expertos en educaci\u00f3n, que movido por objetivo com\u00fan de la calidad aprovechan la experiencia obtenida del ciclo de conferencias, para contribuir a generar ideas que permitir\u00e1n la mejora de la educaci\u00f3n en nuestro pa\u00eds.<\/p>\n<p>&nbsp;<\/p>\n<p><strong>NOTA:<\/strong> Las aportaciones de los ponentes e intervinientes son personales e independientes y pretenden ayudar a vislumbrar el futuro y reflexionar sobre la educaci\u00f3n que deseamos para nuestros hijos.<\/p>\n<p>&nbsp;<\/p>\n<p>Autor: Juan E. Pinillos, Secretario del COBCM.<\/p>\n","protected":false},"excerpt":{"rendered":"<p>La necesidad de mejorar el sistema educativo plantea la puesta en marcha de organizar un ciclo de conferencias enfocadas a<\/p>\n","protected":false},"author":2,"featured_media":2870,"comment_status":"open","ping_status":"open","sticky":false,"template":"","format":"standard","meta":{"footnotes":""},"categories":[722,709],"tags":[],"class_list":["post-2868","post","type-post","status-publish","format-standard","has-post-thumbnail","hentry","category-informacion","category-colegiado"],"_links":{"self":[{"href":"https:\/\/cobcm.net\/blogcobcm\/wp-json\/wp\/v2\/posts\/2868"}],"collection":[{"href":"https:\/\/cobcm.net\/blogcobcm\/wp-json\/wp\/v2\/posts"}],"about":[{"href":"https:\/\/cobcm.net\/blogcobcm\/wp-json\/wp\/v2\/types\/post"}],"author":[{"embeddable":true,"href":"https:\/\/cobcm.net\/blogcobcm\/wp-json\/wp\/v2\/users\/2"}],"replies":[{"embeddable":true,"href":"https:\/\/cobcm.net\/blogcobcm\/wp-json\/wp\/v2\/comments?post=2868"}],"version-history":[{"count":3,"href":"https:\/\/cobcm.net\/blogcobcm\/wp-json\/wp\/v2\/posts\/2868\/revisions"}],"predecessor-version":[{"id":2872,"href":"https:\/\/cobcm.net\/blogcobcm\/wp-json\/wp\/v2\/posts\/2868\/revisions\/2872"}],"wp:featuredmedia":[{"embeddable":true,"href":"https:\/\/cobcm.net\/blogcobcm\/wp-json\/wp\/v2\/media\/2870"}],"wp:attachment":[{"href":"https:\/\/cobcm.net\/blogcobcm\/wp-json\/wp\/v2\/media?parent=2868"}],"wp:term":[{"taxonomy":"category","embeddable":true,"href":"https:\/\/cobcm.net\/blogcobcm\/wp-json\/wp\/v2\/categories?post=2868"},{"taxonomy":"post_tag","embeddable":true,"href":"https:\/\/cobcm.net\/blogcobcm\/wp-json\/wp\/v2\/tags?post=2868"}],"curies":[{"name":"wp","href":"https:\/\/api.w.org\/{rel}","templated":true}]}}