{"id":3091,"date":"2019-04-23T21:38:49","date_gmt":"2019-04-23T20:38:49","guid":{"rendered":"http:\/\/blog.cobcm.net\/?p=3091"},"modified":"2019-04-23T21:38:49","modified_gmt":"2019-04-23T20:38:49","slug":"el-iii-dia-de-las-profesiones-ha-sido-todo-un-exito","status":"publish","type":"post","link":"https:\/\/cobcm.net\/blogcobcm\/2019\/04\/23\/el-iii-dia-de-las-profesiones-ha-sido-todo-un-exito\/","title":{"rendered":"El III D\u00eda de las profesiones ha sido todo un \u00e9xito"},"content":{"rendered":"<p>Ayer se celebr\u00f3 el III D\u00eda de las profesiones organizado por la Uni\u00f3n Interprofesional de la Comunidad de Madrid (<a href=\"https:\/\/www.uicm.es\/\" target=\"_blank\" rel=\"noopener\">UICM<\/a>) en la sede del Colegio Oficial de Arquitectos de Madrid (<a href=\"http:\/\/www.coam.org\/\" target=\"_blank\" rel=\"noopener\">COAM<\/a>). Es una jornada en la que nos juntamos todos los colegios que conformamos la UICM para dar a conocer a la sociedad civil para qu\u00e9 servimos los profesionales de cada disciplina. Para qu\u00e9 nos puede servir como ciudadanos las diferentes profesiones y en qu\u00e9 nos pueden ayudar. Adem\u00e1s de dar a conocer las diferentes salidas profesiones que tienen los diferentes estudios.<\/p>\n<figure id=\"attachment_3094\" aria-describedby=\"caption-attachment-3094\" style=\"width: 1024px\" class=\"wp-caption aligncenter\"><img loading=\"lazy\" decoding=\"async\" class=\"size-large wp-image-3094\" src=\"https:\/\/cobcm.net\/blogcobcm\/wp-content\/uploads\/sites\/32019\/04\/IMG_20190423_103846-1024x578.jpg\" alt=\"Acto de inauguraci\u00f3n\" width=\"1024\" height=\"578\" srcset=\"https:\/\/cobcm.net\/wp-content\/uploads\/sites\/3\/2019\/04\/IMG_20190423_103846-1024x578.jpg 1024w, https:\/\/cobcm.net\/wp-content\/uploads\/sites\/3\/2019\/04\/IMG_20190423_103846-300x169.jpg 300w, https:\/\/cobcm.net\/wp-content\/uploads\/sites\/3\/2019\/04\/IMG_20190423_103846-768x434.jpg 768w, https:\/\/cobcm.net\/wp-content\/uploads\/sites\/3\/2019\/04\/IMG_20190423_103846-400x226.jpg 400w, https:\/\/cobcm.net\/wp-content\/uploads\/sites\/3\/2019\/04\/IMG_20190423_103846-886x500.jpg 886w\" sizes=\"(max-width: 1024px) 100vw, 1024px\" \/><figcaption id=\"caption-attachment-3094\" class=\"wp-caption-text\">Acto de inauguraci\u00f3n<\/figcaption><\/figure>\n<p>Durante todo el d\u00eda, el COBCM ha tenido un stand en el que ha estado informando sobre la profesi\u00f3n de la Biolog\u00eda a todas aquellas personas que se han querido acercar a hablar con nosotros. A primera hora han acudido una multitud de alumnos de diferentes centros escolares de 4\u00ba de ESO y bachillerato. Estos alumnos han resuelto sus dudas en los diferentes colegios profesionales. Estas dudas se refer\u00edan principalmente a las salidas profesionales de los diferentes estudios. Tambi\u00e9n por los estudios que deber\u00edan realizar para cumplir su sue\u00f1o profesional y en qu\u00e9 universidades madrile\u00f1as los podr\u00edan realizar.<\/p>\n<figure id=\"attachment_3093\" aria-describedby=\"caption-attachment-3093\" style=\"width: 300px\" class=\"wp-caption aligncenter\"><img loading=\"lazy\" decoding=\"async\" class=\"wp-image-3093\" src=\"https:\/\/cobcm.net\/blogcobcm\/wp-content\/uploads\/sites\/32019\/04\/IMG_20190423_100817-169x300.jpg\" alt=\"Stand del COBCM\" width=\"300\" height=\"531\" srcset=\"https:\/\/cobcm.net\/wp-content\/uploads\/sites\/3\/2019\/04\/IMG_20190423_100817-169x300.jpg 169w, https:\/\/cobcm.net\/wp-content\/uploads\/sites\/3\/2019\/04\/IMG_20190423_100817-768x1360.jpg 768w, https:\/\/cobcm.net\/wp-content\/uploads\/sites\/3\/2019\/04\/IMG_20190423_100817-578x1024.jpg 578w, https:\/\/cobcm.net\/wp-content\/uploads\/sites\/3\/2019\/04\/IMG_20190423_100817-282x500.jpg 282w\" sizes=\"(max-width: 300px) 100vw, 300px\" \/><figcaption id=\"caption-attachment-3093\" class=\"wp-caption-text\">Stand del COBCM<\/figcaption><\/figure>\n<h4>La participaci\u00f3n del COBCM<\/h4>\n<p>El COBCM, como en a\u00f1os anteriores, ha intentado participar lo m\u00e1ximo que ha podido. Adem\u00e1s del stand, hemos organizado junto al Colegio Oficial de Ingenieros Agr\u00f3nomos de Centro y Canarias (<a href=\"http:\/\/www.agronomoscentro.org\/index.php\/component\/tags\/tag\/coiacc\" target=\"_blank\" rel=\"noopener\">COIACC<\/a>) una cata de vino. Como introducci\u00f3n a la misma, el bi\u00f3logo Juan Francisco Romero Collazo ha hecho una breve exposici\u00f3n de los valores nutricionales del vino.<\/p>\n<p>\u00daltimamente se habla mucho de las bondades de vino. Juan Francisco nos ha explicado que no es oro todo lo que reluce y que tambi\u00e9n hay elementos perjudiciales en la misma copa de vino.<\/p>\n<p>Por la tarde \u00edbamos a participar en la Mesa redonda denominada \u00abSociedad Saludable\u00bb, aunque finalmente el colegiado que iba a participar ha excusado su presencia por una urgencia. Desde el COBCM \u00edbamos a aporta la visi\u00f3n de lo necesario que es tener una alimentaci\u00f3n equilibrada para la salud personal.<\/p>\n<p>Adem\u00e1s, por ser el d\u00eda del libro, hemos aportado dos autores que han llevado sus libros para presentarlos a todos los asistentes. Concretamente el libro \u00abGen\u00e9tica forense\u00bb, que ha coordinado el colegiado Pedro Barrios, y el libro \u00abManual de Biolog\u00eda\u00bb, orientado para alumnos de 2\u00ba de bachillerato, escrito por la colegiada Carmen Canga y editado por Ibersaf.<\/p>\n<figure id=\"attachment_3097\" aria-describedby=\"caption-attachment-3097\" style=\"width: 300px\" class=\"wp-caption aligncenter\"><img loading=\"lazy\" decoding=\"async\" class=\"wp-image-3097\" src=\"https:\/\/cobcm.net\/blogcobcm\/wp-content\/uploads\/sites\/32019\/04\/IMG_20190423_163654-578x1024.jpg\" alt=\"Pedro Barrio\" width=\"300\" height=\"531\" srcset=\"https:\/\/cobcm.net\/wp-content\/uploads\/sites\/3\/2019\/04\/IMG_20190423_163654-578x1024.jpg 578w, https:\/\/cobcm.net\/wp-content\/uploads\/sites\/3\/2019\/04\/IMG_20190423_163654-169x300.jpg 169w, https:\/\/cobcm.net\/wp-content\/uploads\/sites\/3\/2019\/04\/IMG_20190423_163654-768x1360.jpg 768w, https:\/\/cobcm.net\/wp-content\/uploads\/sites\/3\/2019\/04\/IMG_20190423_163654-282x500.jpg 282w\" sizes=\"(max-width: 300px) 100vw, 300px\" \/><figcaption id=\"caption-attachment-3097\" class=\"wp-caption-text\">Pedro Barrio<\/figcaption><\/figure>\n<h4>Para finalizar<\/h4>\n<p>El d\u00eda ha terminado con la clausura del evento y un Microconcierto ofrecido por la ONG M\u00fasicos por la salud.<\/p>\n<p><img loading=\"lazy\" decoding=\"async\" class=\"aligncenter size-medium wp-image-3098\" src=\"https:\/\/cobcm.net\/blogcobcm\/wp-content\/uploads\/sites\/32019\/04\/IMG_20190423_192730-300x169.jpg\" alt=\"\" width=\"300\" height=\"169\" srcset=\"https:\/\/cobcm.net\/wp-content\/uploads\/sites\/3\/2019\/04\/IMG_20190423_192730-300x169.jpg 300w, https:\/\/cobcm.net\/wp-content\/uploads\/sites\/3\/2019\/04\/IMG_20190423_192730-768x434.jpg 768w, https:\/\/cobcm.net\/wp-content\/uploads\/sites\/3\/2019\/04\/IMG_20190423_192730-1024x578.jpg 1024w, https:\/\/cobcm.net\/wp-content\/uploads\/sites\/3\/2019\/04\/IMG_20190423_192730-400x226.jpg 400w, https:\/\/cobcm.net\/wp-content\/uploads\/sites\/3\/2019\/04\/IMG_20190423_192730-886x500.jpg 886w\" sizes=\"(max-width: 300px) 100vw, 300px\" \/><\/p>\n<p>&nbsp;<\/p>\n<p>Desde el COBCM consideramos que la jornada ha sido todo un \u00e9xito y ha tenido de participaci\u00f3n muy superior a la de ediciones anteriores.<\/p>\n<p>&nbsp;<\/p>\n","protected":false},"excerpt":{"rendered":"<p>Ayer se celebr\u00f3 el III D\u00eda de las profesiones organizado por la Uni\u00f3n Interprofesional de la Comunidad de Madrid (UICM)<\/p>\n","protected":false},"author":2,"featured_media":3099,"comment_status":"open","ping_status":"open","sticky":false,"template":"","format":"standard","meta":{"footnotes":""},"categories":[3,21,722],"tags":[],"class_list":["post-3091","post","type-post","status-publish","format-standard","has-post-thumbnail","hentry","category-cobcm","category-divulgacion","category-informacion"],"_links":{"self":[{"href":"https:\/\/cobcm.net\/blogcobcm\/wp-json\/wp\/v2\/posts\/3091"}],"collection":[{"href":"https:\/\/cobcm.net\/blogcobcm\/wp-json\/wp\/v2\/posts"}],"about":[{"href":"https:\/\/cobcm.net\/blogcobcm\/wp-json\/wp\/v2\/types\/post"}],"author":[{"embeddable":true,"href":"https:\/\/cobcm.net\/blogcobcm\/wp-json\/wp\/v2\/users\/2"}],"replies":[{"embeddable":true,"href":"https:\/\/cobcm.net\/blogcobcm\/wp-json\/wp\/v2\/comments?post=3091"}],"version-history":[{"count":6,"href":"https:\/\/cobcm.net\/blogcobcm\/wp-json\/wp\/v2\/posts\/3091\/revisions"}],"predecessor-version":[{"id":3104,"href":"https:\/\/cobcm.net\/blogcobcm\/wp-json\/wp\/v2\/posts\/3091\/revisions\/3104"}],"wp:featuredmedia":[{"embeddable":true,"href":"https:\/\/cobcm.net\/blogcobcm\/wp-json\/wp\/v2\/media\/3099"}],"wp:attachment":[{"href":"https:\/\/cobcm.net\/blogcobcm\/wp-json\/wp\/v2\/media?parent=3091"}],"wp:term":[{"taxonomy":"category","embeddable":true,"href":"https:\/\/cobcm.net\/blogcobcm\/wp-json\/wp\/v2\/categories?post=3091"},{"taxonomy":"post_tag","embeddable":true,"href":"https:\/\/cobcm.net\/blogcobcm\/wp-json\/wp\/v2\/tags?post=3091"}],"curies":[{"name":"wp","href":"https:\/\/api.w.org\/{rel}","templated":true}]}}