{"id":3308,"date":"2019-10-22T10:51:05","date_gmt":"2019-10-22T09:51:05","guid":{"rendered":"http:\/\/blog.cobcm.net\/?p=3308"},"modified":"2019-10-22T10:51:06","modified_gmt":"2019-10-22T09:51:06","slug":"las-conferencias-del-cobcm-en-la-universidades-madrilenas","status":"publish","type":"post","link":"https:\/\/cobcm.net\/blogcobcm\/2019\/10\/22\/las-conferencias-del-cobcm-en-la-universidades-madrilenas\/","title":{"rendered":"Las Conferencias del COBCM en la universidades madrile\u00f1as"},"content":{"rendered":"\n<p>Una vez m\u00e1s, el Colegio Oficial de Bi\u00f3logos de la Comunidad de Madrid apuesta por los estudiantes universitarios. En esta ocasi\u00f3n, a trav\u00e9s de\u00a0la realizaci\u00f3n de un ciclo de conferencias mensuales en cada universidad durante toda la duraci\u00f3n del curso escolar.\u00a0<\/p>\n\n\n\n<p>Estas conferencias est\u00e1n destinadas principalmente a los estudiantes. Pretendemos que se puedan hacer una idea de lo que ocurre dentro y fuera de la universidad para que vayan palpando y conociendo el futuro profesional.<\/p>\n\n\n\n<p>Las conferencias se componen de dos ponentes, uno externo a la universidad y otro interno. Con una hora de tiempo para cada uno con el turno de preguntas incluido.<\/p>\n\n\n\n<p>Las conferencias fueron retransmitidas en directo a trav\u00e9s de Instagram. Si no puedes asistir a las pr\u00f3ximas y te interesan, prueba a seguirnos @cobcm.<\/p>\n\n\n\n<figure class=\"wp-block-image\"><img loading=\"lazy\" decoding=\"async\" width=\"1024\" height=\"650\" src=\"https:\/\/cobcm.net\/blogcobcm\/wp-content\/uploads\/sites\/32019\/10\/Roll-up-conferencias-del-COBCM-1024x650.jpg\" alt=\"Roll up conferencias del COBCM\" class=\"wp-image-3311\" srcset=\"https:\/\/cobcm.net\/wp-content\/uploads\/sites\/3\/2019\/10\/Roll-up-conferencias-del-COBCM-1024x650.jpg 1024w, https:\/\/cobcm.net\/wp-content\/uploads\/sites\/3\/2019\/10\/Roll-up-conferencias-del-COBCM-300x190.jpg 300w, https:\/\/cobcm.net\/wp-content\/uploads\/sites\/3\/2019\/10\/Roll-up-conferencias-del-COBCM-768x487.jpg 768w, https:\/\/cobcm.net\/wp-content\/uploads\/sites\/3\/2019\/10\/Roll-up-conferencias-del-COBCM-400x254.jpg 400w, https:\/\/cobcm.net\/wp-content\/uploads\/sites\/3\/2019\/10\/Roll-up-conferencias-del-COBCM-788x500.jpg 788w\" sizes=\"(max-width: 1024px) 100vw, 1024px\" \/><figcaption>El Roll up de las Conferencias de COBCM en la UCM<\/figcaption><\/figure>\n\n\n\n<h2 class=\"wp-block-heading\">Las conferencias del COBCM en octubre<\/h2>\n\n\n\n<p>El mes de octubre ha sido el estreno de este ambicioso proyecto en el que, seguro, que hemos cometido una serie de errores que iremos enmendando en sucesivos meses.<\/p>\n\n\n\n<p>La ponente com\u00fan del mes ha sido <a href=\"https:\/\/www.researchgate.net\/profile\/Elena_Vallespin\" target=\"_blank\" rel=\"noreferrer noopener\" aria-label=\"Elena Vallesp\u00edn Garc\u00eda (abre en una nueva pesta\u00f1a)\">Elena Vallesp\u00edn Garc\u00eda<\/a>, Doctora en Biolog\u00eda, especializada en Gen\u00e9tica Molecular y colegiada. Su ponencia llevaba por t\u00edtulo \u00abComo las nuevas tecnolog\u00edas pasan al d\u00eda a d\u00eda profesional. Caso pr\u00e1ctico: secuenciaci\u00f3n masiva\u00bb.<\/p>\n\n\n\n<figure class=\"wp-block-image\"><img loading=\"lazy\" decoding=\"async\" width=\"1024\" height=\"576\" src=\"https:\/\/cobcm.net\/blogcobcm\/wp-content\/uploads\/sites\/32019\/10\/Elena-Vallesp\u00edn-Conferencias-del-COBCM-1024x576.jpg\" alt=\"Eleva Vallesp\u00edn Conferencias del COBCM\" class=\"wp-image-3316\" srcset=\"https:\/\/cobcm.net\/wp-content\/uploads\/sites\/3\/2019\/10\/Elena-Vallesp\u00edn-Conferencias-del-COBCM-1024x576.jpg 1024w, https:\/\/cobcm.net\/wp-content\/uploads\/sites\/3\/2019\/10\/Elena-Vallesp\u00edn-Conferencias-del-COBCM-300x169.jpg 300w, https:\/\/cobcm.net\/wp-content\/uploads\/sites\/3\/2019\/10\/Elena-Vallesp\u00edn-Conferencias-del-COBCM-768x432.jpg 768w, https:\/\/cobcm.net\/wp-content\/uploads\/sites\/3\/2019\/10\/Elena-Vallesp\u00edn-Conferencias-del-COBCM-400x225.jpg 400w, https:\/\/cobcm.net\/wp-content\/uploads\/sites\/3\/2019\/10\/Elena-Vallesp\u00edn-Conferencias-del-COBCM-889x500.jpg 889w\" sizes=\"(max-width: 1024px) 100vw, 1024px\" \/><\/figure>\n\n\n\n<p>El segundo ponente de la UCM fue <a href=\"https:\/\/www.ucm.es\/directorio?id=7641\" target=\"_blank\" rel=\"noreferrer noopener\" aria-label=\"Eduardo Arroyo Pardo (abre en una nueva pesta\u00f1a)\">Eduardo Arroyo Pardo<\/a>, doctor en CC biol\u00f3gicas desde 1993 y dirige el Grupo de Investigaci\u00f3n Complutense en Gen\u00e9tica Forense y Gen\u00e9tica de Poblaciones. Su ponencia fue: Un bi\u00f3logo en el \u00e1rea de \u00abmedicina legal y forense\u00bb.<\/p>\n\n\n\n<p>En la UAM nos acompa\u00f1\u00f3 la doctora <a href=\"https:\/\/portalcientifico.uam.es\/ipublic\/agent-personal\/profile\/iMarinaID\/04-262802\/name\/LOPEZ%20NIEVA,%20MARIA%20PILAR\" target=\"_blank\" rel=\"noreferrer noopener\" aria-label=\"Pilar L\u00f3pez Nieva (abre en una nueva pesta\u00f1a)\">Pilar L\u00f3pez Nieva<\/a>, investigador postdoctoral en el centro de biolog\u00eda molecular severo Ochoa (UAM\/CSIC), con la ponencia \u00abAlteraciones gen\u00e9ticas en neoplasias linfobl\u00e1sticas T\u00bb.<\/p>\n\n\n\n<p>Y en la URJC complet\u00f3 la jornada el profesor <a href=\"https:\/\/www.researchgate.net\/profile\/Alfredo_Garcia-Fernandez\" target=\"_blank\" rel=\"noreferrer noopener\" aria-label=\"Alfredo Garc\u00eda Fern\u00e1ndez (abre en una nueva pesta\u00f1a)\">Alfredo Garc\u00eda Fern\u00e1ndez<\/a>. Su ponencia la titul\u00f3 \u00abBioinform\u00e1tica y Gen\u00e9tica: Aplicaciones y Oportunidades\u00bb.<\/p>\n\n\n\n<h2 class=\"wp-block-heading\">Programa de conferencias<\/h2>\n\n\n\n<p>En la web del COBCM puedes conocer el programa completo de las Conferencias del COBCM a trav\u00e9s del siguiente enlace:<\/p>\n\n\n\n<figure class=\"wp-block-embed-wordpress wp-block-embed is-type-wp-embed is-provider-colegio-oficial-de-biologos-de-la-comunidad-de-madrid\"><div class=\"wp-block-embed__wrapper\">\nhttps:\/\/cobcm.net\/blog\/2019\/09\/06\/las-conferencias-del-cobcm\/\n<\/div><\/figure>\n","protected":false},"excerpt":{"rendered":"<p>Una vez m\u00e1s, el Colegio Oficial de Bi\u00f3logos de la Comunidad de Madrid apuesta por los estudiantes universitarios. En esta<\/p>\n","protected":false},"author":2,"featured_media":3310,"comment_status":"open","ping_status":"open","sticky":false,"template":"","format":"standard","meta":{"footnotes":""},"categories":[1],"tags":[92,147,764,112],"class_list":["post-3308","post","type-post","status-publish","format-standard","has-post-thumbnail","hentry","category-general","tag-conferencias","tag-estudiantes","tag-futuro","tag-universidad"],"_links":{"self":[{"href":"https:\/\/cobcm.net\/blogcobcm\/wp-json\/wp\/v2\/posts\/3308"}],"collection":[{"href":"https:\/\/cobcm.net\/blogcobcm\/wp-json\/wp\/v2\/posts"}],"about":[{"href":"https:\/\/cobcm.net\/blogcobcm\/wp-json\/wp\/v2\/types\/post"}],"author":[{"embeddable":true,"href":"https:\/\/cobcm.net\/blogcobcm\/wp-json\/wp\/v2\/users\/2"}],"replies":[{"embeddable":true,"href":"https:\/\/cobcm.net\/blogcobcm\/wp-json\/wp\/v2\/comments?post=3308"}],"version-history":[{"count":7,"href":"https:\/\/cobcm.net\/blogcobcm\/wp-json\/wp\/v2\/posts\/3308\/revisions"}],"predecessor-version":[{"id":3381,"href":"https:\/\/cobcm.net\/blogcobcm\/wp-json\/wp\/v2\/posts\/3308\/revisions\/3381"}],"wp:featuredmedia":[{"embeddable":true,"href":"https:\/\/cobcm.net\/blogcobcm\/wp-json\/wp\/v2\/media\/3310"}],"wp:attachment":[{"href":"https:\/\/cobcm.net\/blogcobcm\/wp-json\/wp\/v2\/media?parent=3308"}],"wp:term":[{"taxonomy":"category","embeddable":true,"href":"https:\/\/cobcm.net\/blogcobcm\/wp-json\/wp\/v2\/categories?post=3308"},{"taxonomy":"post_tag","embeddable":true,"href":"https:\/\/cobcm.net\/blogcobcm\/wp-json\/wp\/v2\/tags?post=3308"}],"curies":[{"name":"wp","href":"https:\/\/api.w.org\/{rel}","templated":true}]}}