{"id":3321,"date":"2019-10-29T16:25:38","date_gmt":"2019-10-29T15:25:38","guid":{"rendered":"http:\/\/blog.cobcm.net\/?p=3321"},"modified":"2019-10-29T16:25:39","modified_gmt":"2019-10-29T15:25:39","slug":"exito-en-la-1o-jornada-de-bioeconomia-y-economia-circular-del-cobcm","status":"publish","type":"post","link":"https:\/\/cobcm.net\/blogcobcm\/2019\/10\/29\/exito-en-la-1o-jornada-de-bioeconomia-y-economia-circular-del-cobcm\/","title":{"rendered":"\u00c9xito en la 1\u00ba Jornada de Bioeconom\u00eda y Econom\u00eda Circular del COBCM"},"content":{"rendered":"\n<p>El pasado jueves 24 de octubre se celebr\u00f3 la primera Jornada de <a href=\"http:\/\/blog.cobcm.net\/bioeconomia-y-economia-circular\/\" target=\"_blank\" rel=\"noreferrer noopener\" aria-label=\"Bioeconom\u00eda y Econom\u00eda Circular (abre en una nueva pesta\u00f1a)\">Bioeconom\u00eda y Econom\u00eda Circular<\/a> organizada por el Colegio Oficial de Bi\u00f3logos de la Comunidad de Madrid. Concretamente, estuvo a cargo del Grupo de Trabajo de Bioeconom\u00eda y Econom\u00eda Circular de la Comisi\u00f3n de Medio Ambiente. Se llev\u00f3 a cabo en la sede de <a rel=\"noreferrer noopener\" aria-label=\"CEIM (abre en una nueva pesta\u00f1a)\" href=\"https:\/\/www.ceim.es\" target=\"_blank\">CEIM<\/a>.<\/p>\n\n\n\n<figure class=\"wp-block-image\"><img loading=\"lazy\" decoding=\"async\" width=\"1024\" height=\"576\" src=\"https:\/\/cobcm.net\/blogcobcm\/wp-content\/uploads\/sites\/32019\/10\/IMG_20191024_111902_502-1024x576.jpg\" alt=\"\" class=\"wp-image-3325\" srcset=\"https:\/\/cobcm.net\/wp-content\/uploads\/sites\/3\/2019\/10\/IMG_20191024_111902_502-1024x576.jpg 1024w, https:\/\/cobcm.net\/wp-content\/uploads\/sites\/3\/2019\/10\/IMG_20191024_111902_502-300x169.jpg 300w, https:\/\/cobcm.net\/wp-content\/uploads\/sites\/3\/2019\/10\/IMG_20191024_111902_502-768x432.jpg 768w, https:\/\/cobcm.net\/wp-content\/uploads\/sites\/3\/2019\/10\/IMG_20191024_111902_502-400x225.jpg 400w, https:\/\/cobcm.net\/wp-content\/uploads\/sites\/3\/2019\/10\/IMG_20191024_111902_502-889x500.jpg 889w\" sizes=\"(max-width: 1024px) 100vw, 1024px\" \/><figcaption>Los responsables de la organizaci\u00f3n de la jornada: Juan Jim\u00e9nez, Isabel Lorenzo, Miguel Garrido, Ana Horta y Emilio Pascual.<\/figcaption><\/figure>\n\n\n\n<p>A la jornada estuvieron invitados todos los colegiados del COBCM, as\u00ed como el resto de colegios profesionales que componen la <a href=\"https:\/\/www.uicm.es\" target=\"_blank\" rel=\"noreferrer noopener\" aria-label=\"UICM (abre en una nueva pesta\u00f1a)\">UICM<\/a> y grupos de inter\u00e9s. <\/p>\n\n\n\n<h2 class=\"wp-block-heading\">Durante la ma\u00f1ana<\/h2>\n\n\n\n<p>El d\u00eda se dividi\u00f3 en dos grandes \u00e1reas. Las ponencias de la ma\u00f1ana estuvieron orientadas a profundizar en los conceptos de Bioeconom\u00eda y Econom\u00eda Circular desde diferentes puntos de vista:<\/p>\n\n\n\n<ul class=\"wp-block-list\"><li>Econom\u00eda circular como una nueva estrategia de sostenibilidad, por Gemma Dur\u00e1n.<\/li><li>Cementos ecoeficinentes: reciclaje de residuos industriales, por Marina Casas.<\/li><li>Estrategias sostenibles para la gesti\u00f3n de residuos urbanos en suelos, por Carmen Lobo.<\/li><li>Econom\u00eda Circular y ODS, retos de la Responsabilidad Social Compartida en la Distribuci\u00f3n Comercial, por Cristina Baeza.<\/li><\/ul>\n\n\n\n<ul class=\"wp-block-gallery columns-3 is-cropped wp-block-gallery-1 is-layout-flex wp-block-gallery-is-layout-flex\"><li class=\"blocks-gallery-item\"><figure><img loading=\"lazy\" decoding=\"async\" width=\"1024\" height=\"768\" src=\"https:\/\/cobcm.net\/blogcobcm\/wp-content\/uploads\/sites\/32019\/10\/IMG_20191024_094951-LQ-1024x768.jpg\" alt=\"\" data-id=\"3344\" data-link=\"http:\/\/blog.cobcm.net\/?attachment_id=3344\" class=\"wp-image-3344\" srcset=\"https:\/\/cobcm.net\/wp-content\/uploads\/sites\/3\/2019\/10\/IMG_20191024_094951-LQ-1024x768.jpg 1024w, https:\/\/cobcm.net\/wp-content\/uploads\/sites\/3\/2019\/10\/IMG_20191024_094951-LQ-300x225.jpg 300w, https:\/\/cobcm.net\/wp-content\/uploads\/sites\/3\/2019\/10\/IMG_20191024_094951-LQ-768x576.jpg 768w, https:\/\/cobcm.net\/wp-content\/uploads\/sites\/3\/2019\/10\/IMG_20191024_094951-LQ-400x300.jpg 400w, https:\/\/cobcm.net\/wp-content\/uploads\/sites\/3\/2019\/10\/IMG_20191024_094951-LQ-175x131.jpg 175w, https:\/\/cobcm.net\/wp-content\/uploads\/sites\/3\/2019\/10\/IMG_20191024_094951-LQ-667x500.jpg 667w\" sizes=\"(max-width: 1024px) 100vw, 1024px\" \/><figcaption>Gemma Dur\u00e1n<\/figcaption><\/figure><\/li><li class=\"blocks-gallery-item\"><figure><img loading=\"lazy\" decoding=\"async\" width=\"1024\" height=\"768\" src=\"https:\/\/cobcm.net\/blogcobcm\/wp-content\/uploads\/sites\/32019\/10\/IMG_20191024_102329-LQ-1024x768.jpg\" alt=\"\" data-id=\"3345\" data-link=\"http:\/\/blog.cobcm.net\/?attachment_id=3345\" class=\"wp-image-3345\" srcset=\"https:\/\/cobcm.net\/wp-content\/uploads\/sites\/3\/2019\/10\/IMG_20191024_102329-LQ-1024x768.jpg 1024w, https:\/\/cobcm.net\/wp-content\/uploads\/sites\/3\/2019\/10\/IMG_20191024_102329-LQ-300x225.jpg 300w, https:\/\/cobcm.net\/wp-content\/uploads\/sites\/3\/2019\/10\/IMG_20191024_102329-LQ-768x576.jpg 768w, https:\/\/cobcm.net\/wp-content\/uploads\/sites\/3\/2019\/10\/IMG_20191024_102329-LQ-400x300.jpg 400w, https:\/\/cobcm.net\/wp-content\/uploads\/sites\/3\/2019\/10\/IMG_20191024_102329-LQ-175x131.jpg 175w, https:\/\/cobcm.net\/wp-content\/uploads\/sites\/3\/2019\/10\/IMG_20191024_102329-LQ-667x500.jpg 667w\" sizes=\"(max-width: 1024px) 100vw, 1024px\" \/><figcaption>Marina Casas<\/figcaption><\/figure><\/li><li class=\"blocks-gallery-item\"><figure><img loading=\"lazy\" decoding=\"async\" width=\"1024\" height=\"768\" src=\"https:\/\/cobcm.net\/blogcobcm\/wp-content\/uploads\/sites\/32019\/10\/IMG_20191024_113259-LQ-1024x768.jpg\" alt=\"\" data-id=\"3347\" data-link=\"http:\/\/blog.cobcm.net\/?attachment_id=3347\" class=\"wp-image-3347\" srcset=\"https:\/\/cobcm.net\/wp-content\/uploads\/sites\/3\/2019\/10\/IMG_20191024_113259-LQ-1024x768.jpg 1024w, https:\/\/cobcm.net\/wp-content\/uploads\/sites\/3\/2019\/10\/IMG_20191024_113259-LQ-300x225.jpg 300w, https:\/\/cobcm.net\/wp-content\/uploads\/sites\/3\/2019\/10\/IMG_20191024_113259-LQ-768x576.jpg 768w, https:\/\/cobcm.net\/wp-content\/uploads\/sites\/3\/2019\/10\/IMG_20191024_113259-LQ-400x300.jpg 400w, https:\/\/cobcm.net\/wp-content\/uploads\/sites\/3\/2019\/10\/IMG_20191024_113259-LQ-175x131.jpg 175w, https:\/\/cobcm.net\/wp-content\/uploads\/sites\/3\/2019\/10\/IMG_20191024_113259-LQ-667x500.jpg 667w\" sizes=\"(max-width: 1024px) 100vw, 1024px\" \/><figcaption>Carmen Lobo<\/figcaption><\/figure><\/li><li class=\"blocks-gallery-item\"><figure><img loading=\"lazy\" decoding=\"async\" width=\"1024\" height=\"768\" src=\"https:\/\/cobcm.net\/blogcobcm\/wp-content\/uploads\/sites\/32019\/10\/IMG_20191024_120812-LQ-1024x768.jpg\" alt=\"\" data-id=\"3348\" data-link=\"http:\/\/blog.cobcm.net\/?attachment_id=3348\" class=\"wp-image-3348\" srcset=\"https:\/\/cobcm.net\/wp-content\/uploads\/sites\/3\/2019\/10\/IMG_20191024_120812-LQ-1024x768.jpg 1024w, https:\/\/cobcm.net\/wp-content\/uploads\/sites\/3\/2019\/10\/IMG_20191024_120812-LQ-300x225.jpg 300w, https:\/\/cobcm.net\/wp-content\/uploads\/sites\/3\/2019\/10\/IMG_20191024_120812-LQ-768x576.jpg 768w, https:\/\/cobcm.net\/wp-content\/uploads\/sites\/3\/2019\/10\/IMG_20191024_120812-LQ-400x300.jpg 400w, https:\/\/cobcm.net\/wp-content\/uploads\/sites\/3\/2019\/10\/IMG_20191024_120812-LQ-175x131.jpg 175w, https:\/\/cobcm.net\/wp-content\/uploads\/sites\/3\/2019\/10\/IMG_20191024_120812-LQ-667x500.jpg 667w\" sizes=\"(max-width: 1024px) 100vw, 1024px\" \/><figcaption>Cristina Baeza<\/figcaption><\/figure><\/li><\/ul>\n\n\n\n<p>Estas tres ponencias estuvieron precedidas por los correspondientes discursos de bienvenida y de presentaci\u00f3n de la jornada, a cargo de D\u00f1a. Isabel Lorenzo Luque, Vicededana primera del COBCM en representaci\u00f3n de D. \u00c1ngel Fern\u00e1ndez Ipar, Decano del COBCM, y D. Miguel Garrido de la Cierva, presidente de la CEIM, respectivamente.<\/p>\n\n\n\n<p>Tambi\u00e9n tuvimos un tiempo de networking durante la pausa, en el pudimos conocer de manera m\u00e1s cercana a los ponentes que ya hab\u00edan participado.<\/p>\n\n\n\n<figure class=\"wp-block-image\"><img loading=\"lazy\" decoding=\"async\" width=\"1024\" height=\"768\" src=\"https:\/\/cobcm.net\/blogcobcm\/wp-content\/uploads\/sites\/32019\/10\/IMG_20191024_105636-LQ-1024x768.jpg\" alt=\"\" class=\"wp-image-3346\" srcset=\"https:\/\/cobcm.net\/wp-content\/uploads\/sites\/3\/2019\/10\/IMG_20191024_105636-LQ-1024x768.jpg 1024w, https:\/\/cobcm.net\/wp-content\/uploads\/sites\/3\/2019\/10\/IMG_20191024_105636-LQ-300x225.jpg 300w, https:\/\/cobcm.net\/wp-content\/uploads\/sites\/3\/2019\/10\/IMG_20191024_105636-LQ-768x576.jpg 768w, https:\/\/cobcm.net\/wp-content\/uploads\/sites\/3\/2019\/10\/IMG_20191024_105636-LQ-400x300.jpg 400w, https:\/\/cobcm.net\/wp-content\/uploads\/sites\/3\/2019\/10\/IMG_20191024_105636-LQ-175x131.jpg 175w, https:\/\/cobcm.net\/wp-content\/uploads\/sites\/3\/2019\/10\/IMG_20191024_105636-LQ-667x500.jpg 667w\" sizes=\"(max-width: 1024px) 100vw, 1024px\" \/><\/figure>\n\n\n\n<p>La ma\u00f1ana acab\u00f3 con una mesa redonda entre los ponentes que han participado hasta el momento, moderada por Judith Cano.<\/p>\n\n\n\n<figure class=\"wp-block-image\"><img loading=\"lazy\" decoding=\"async\" width=\"1024\" height=\"768\" src=\"https:\/\/cobcm.net\/blogcobcm\/wp-content\/uploads\/sites\/32019\/10\/IMG_20191024_124218-LQ-1024x768.jpg\" alt=\"\" class=\"wp-image-3349\" srcset=\"https:\/\/cobcm.net\/wp-content\/uploads\/sites\/3\/2019\/10\/IMG_20191024_124218-LQ-1024x768.jpg 1024w, https:\/\/cobcm.net\/wp-content\/uploads\/sites\/3\/2019\/10\/IMG_20191024_124218-LQ-300x225.jpg 300w, https:\/\/cobcm.net\/wp-content\/uploads\/sites\/3\/2019\/10\/IMG_20191024_124218-LQ-768x576.jpg 768w, https:\/\/cobcm.net\/wp-content\/uploads\/sites\/3\/2019\/10\/IMG_20191024_124218-LQ-400x300.jpg 400w, https:\/\/cobcm.net\/wp-content\/uploads\/sites\/3\/2019\/10\/IMG_20191024_124218-LQ-175x131.jpg 175w, https:\/\/cobcm.net\/wp-content\/uploads\/sites\/3\/2019\/10\/IMG_20191024_124218-LQ-667x500.jpg 667w\" sizes=\"(max-width: 1024px) 100vw, 1024px\" \/><figcaption>Judith Cano<\/figcaption><\/figure>\n\n\n\n<h2 class=\"wp-block-heading\">Y la tarde<\/h2>\n\n\n\n<p>La segunda mitad de la jornada estuvo dedicada a visibilizar modelos de negocio reales basados en los principios de la Bioeconom\u00eda y la Econom\u00eda Circular. Cuatro fueron los casos presentados:<\/p>\n\n\n\n<ul class=\"wp-block-list\"><li>El reto de las microalgas, por Aldo Brunetti de <a rel=\"noreferrer noopener\" aria-label=\"Cianoalgae (abre en una nueva pesta\u00f1a)\" href=\"https:\/\/www.cianoalgae.com\" target=\"_blank\">Cianoalgae<\/a>.<\/li><li>Combustibles avanzados de 2\u00aa generaci\u00f3n a partir de residuos, por Santiago Verda de <a rel=\"noreferrer noopener\" aria-label=\"AFABIOR (abre en una nueva pesta\u00f1a)\" href=\"http:\/\/www.afabior.es\" target=\"_blank\">AFABIOR<\/a>.<\/li><li>Innovaci\u00f3n y tecnolog\u00eda: claves para la circularidad de los envases, por Bel\u00e9n Garc\u00eda de <a rel=\"noreferrer noopener\" aria-label=\" (abre en una nueva pesta\u00f1a)\" href=\"https:\/\/www.packnet.es\" target=\"_blank\">Packnet<\/a>.<\/li><li>Aprovechamiento resinero en Espa\u00f1a: beneficios sociales y ambientales, por Santiago Michavila Puente-Villegas de <a href=\"http:\/\/www.upm.es\" target=\"_blank\" rel=\"noreferrer noopener\" aria-label=\"UPM (abre en una nueva pesta\u00f1a)\">UPM<\/a>.<\/li><\/ul>\n\n\n\n<ul class=\"wp-block-gallery columns-3 is-cropped wp-block-gallery-2 is-layout-flex wp-block-gallery-is-layout-flex\"><li class=\"blocks-gallery-item\"><figure><img loading=\"lazy\" decoding=\"async\" width=\"1024\" height=\"768\" src=\"https:\/\/cobcm.net\/blogcobcm\/wp-content\/uploads\/sites\/32019\/10\/IMG_20191024_162034-LQ-1024x768.jpg\" alt=\"\" data-id=\"3350\" data-link=\"http:\/\/blog.cobcm.net\/?attachment_id=3350\" class=\"wp-image-3350\" srcset=\"https:\/\/cobcm.net\/wp-content\/uploads\/sites\/3\/2019\/10\/IMG_20191024_162034-LQ-1024x768.jpg 1024w, https:\/\/cobcm.net\/wp-content\/uploads\/sites\/3\/2019\/10\/IMG_20191024_162034-LQ-300x225.jpg 300w, https:\/\/cobcm.net\/wp-content\/uploads\/sites\/3\/2019\/10\/IMG_20191024_162034-LQ-768x576.jpg 768w, https:\/\/cobcm.net\/wp-content\/uploads\/sites\/3\/2019\/10\/IMG_20191024_162034-LQ-400x300.jpg 400w, https:\/\/cobcm.net\/wp-content\/uploads\/sites\/3\/2019\/10\/IMG_20191024_162034-LQ-175x131.jpg 175w, https:\/\/cobcm.net\/wp-content\/uploads\/sites\/3\/2019\/10\/IMG_20191024_162034-LQ-667x500.jpg 667w\" sizes=\"(max-width: 1024px) 100vw, 1024px\" \/><figcaption>Aldo Brunetti<\/figcaption><\/figure><\/li><li class=\"blocks-gallery-item\"><figure><img loading=\"lazy\" decoding=\"async\" width=\"1024\" height=\"768\" src=\"https:\/\/cobcm.net\/blogcobcm\/wp-content\/uploads\/sites\/32019\/10\/IMG_20191024_162923-LQ-1024x768.jpg\" alt=\"\" data-id=\"3351\" data-link=\"http:\/\/blog.cobcm.net\/?attachment_id=3351\" class=\"wp-image-3351\" srcset=\"https:\/\/cobcm.net\/wp-content\/uploads\/sites\/3\/2019\/10\/IMG_20191024_162923-LQ-1024x768.jpg 1024w, https:\/\/cobcm.net\/wp-content\/uploads\/sites\/3\/2019\/10\/IMG_20191024_162923-LQ-300x225.jpg 300w, https:\/\/cobcm.net\/wp-content\/uploads\/sites\/3\/2019\/10\/IMG_20191024_162923-LQ-768x576.jpg 768w, https:\/\/cobcm.net\/wp-content\/uploads\/sites\/3\/2019\/10\/IMG_20191024_162923-LQ-400x300.jpg 400w, https:\/\/cobcm.net\/wp-content\/uploads\/sites\/3\/2019\/10\/IMG_20191024_162923-LQ-175x131.jpg 175w, https:\/\/cobcm.net\/wp-content\/uploads\/sites\/3\/2019\/10\/IMG_20191024_162923-LQ-667x500.jpg 667w\" sizes=\"(max-width: 1024px) 100vw, 1024px\" \/><figcaption>Santiado Verda<\/figcaption><\/figure><\/li><li class=\"blocks-gallery-item\"><figure><img loading=\"lazy\" decoding=\"async\" width=\"1024\" height=\"768\" src=\"https:\/\/cobcm.net\/blogcobcm\/wp-content\/uploads\/sites\/32019\/10\/IMG_20191024_164802-LQ-1024x768.jpg\" alt=\"\" data-id=\"3352\" data-link=\"http:\/\/blog.cobcm.net\/?attachment_id=3352\" class=\"wp-image-3352\" srcset=\"https:\/\/cobcm.net\/wp-content\/uploads\/sites\/3\/2019\/10\/IMG_20191024_164802-LQ-1024x768.jpg 1024w, https:\/\/cobcm.net\/wp-content\/uploads\/sites\/3\/2019\/10\/IMG_20191024_164802-LQ-300x225.jpg 300w, https:\/\/cobcm.net\/wp-content\/uploads\/sites\/3\/2019\/10\/IMG_20191024_164802-LQ-768x576.jpg 768w, https:\/\/cobcm.net\/wp-content\/uploads\/sites\/3\/2019\/10\/IMG_20191024_164802-LQ-400x300.jpg 400w, https:\/\/cobcm.net\/wp-content\/uploads\/sites\/3\/2019\/10\/IMG_20191024_164802-LQ-175x131.jpg 175w, https:\/\/cobcm.net\/wp-content\/uploads\/sites\/3\/2019\/10\/IMG_20191024_164802-LQ-667x500.jpg 667w\" sizes=\"(max-width: 1024px) 100vw, 1024px\" \/><figcaption>Bel\u00e9n Garc\u00eda<\/figcaption><\/figure><\/li><li class=\"blocks-gallery-item\"><figure><img loading=\"lazy\" decoding=\"async\" width=\"1024\" height=\"768\" src=\"https:\/\/cobcm.net\/blogcobcm\/wp-content\/uploads\/sites\/32019\/10\/IMG_20191024_165851-LQ-1024x768.jpg\" alt=\"\" data-id=\"3353\" data-link=\"http:\/\/blog.cobcm.net\/?attachment_id=3353\" class=\"wp-image-3353\" srcset=\"https:\/\/cobcm.net\/wp-content\/uploads\/sites\/3\/2019\/10\/IMG_20191024_165851-LQ-1024x768.jpg 1024w, https:\/\/cobcm.net\/wp-content\/uploads\/sites\/3\/2019\/10\/IMG_20191024_165851-LQ-300x225.jpg 300w, https:\/\/cobcm.net\/wp-content\/uploads\/sites\/3\/2019\/10\/IMG_20191024_165851-LQ-768x576.jpg 768w, https:\/\/cobcm.net\/wp-content\/uploads\/sites\/3\/2019\/10\/IMG_20191024_165851-LQ-400x300.jpg 400w, https:\/\/cobcm.net\/wp-content\/uploads\/sites\/3\/2019\/10\/IMG_20191024_165851-LQ-175x131.jpg 175w, https:\/\/cobcm.net\/wp-content\/uploads\/sites\/3\/2019\/10\/IMG_20191024_165851-LQ-667x500.jpg 667w\" sizes=\"(max-width: 1024px) 100vw, 1024px\" \/><figcaption>Santiago Michavila<\/figcaption><\/figure><\/li><\/ul>\n\n\n\n<p>Terminamos la jornada con un Brainstorming de oportunidades de negocio, moderado por la colegiada Marta Arroyo.<\/p>\n\n\n\n<figure class=\"wp-block-image\"><img loading=\"lazy\" decoding=\"async\" width=\"1024\" height=\"768\" src=\"https:\/\/cobcm.net\/blogcobcm\/wp-content\/uploads\/sites\/32019\/10\/IMG_20191024_171019-LQ-1024x768.jpg\" alt=\"\" class=\"wp-image-3354\" srcset=\"https:\/\/cobcm.net\/wp-content\/uploads\/sites\/3\/2019\/10\/IMG_20191024_171019-LQ-1024x768.jpg 1024w, https:\/\/cobcm.net\/wp-content\/uploads\/sites\/3\/2019\/10\/IMG_20191024_171019-LQ-300x225.jpg 300w, https:\/\/cobcm.net\/wp-content\/uploads\/sites\/3\/2019\/10\/IMG_20191024_171019-LQ-768x576.jpg 768w, https:\/\/cobcm.net\/wp-content\/uploads\/sites\/3\/2019\/10\/IMG_20191024_171019-LQ-400x300.jpg 400w, https:\/\/cobcm.net\/wp-content\/uploads\/sites\/3\/2019\/10\/IMG_20191024_171019-LQ-175x131.jpg 175w, https:\/\/cobcm.net\/wp-content\/uploads\/sites\/3\/2019\/10\/IMG_20191024_171019-LQ-667x500.jpg 667w\" sizes=\"(max-width: 1024px) 100vw, 1024px\" \/><figcaption>Marta Arroyo<\/figcaption><\/figure>\n\n\n\n<p>Todos los asistentes a la jornada acabaron muy contentos y con ganas de participar en la 2\u00aa Jornada de Bioeconom\u00eda y Econom\u00eda Circular, que ya est\u00e1 empezando a gestarse.<\/p>\n","protected":false},"excerpt":{"rendered":"<p>El pasado jueves 24 de octubre se celebr\u00f3 la primera Jornada de Bioeconom\u00eda y Econom\u00eda Circular organizada por el Colegio<\/p>\n","protected":false},"author":2,"featured_media":3324,"comment_status":"open","ping_status":"open","sticky":false,"template":"","format":"standard","meta":{"footnotes":""},"categories":[21,3,722],"tags":[775,776,799],"class_list":["post-3321","post","type-post","status-publish","format-standard","has-post-thumbnail","hentry","category-divulgacion","category-cobcm","category-informacion","tag-bioeconomia","tag-economia-circular","tag-jornada"],"_links":{"self":[{"href":"https:\/\/cobcm.net\/blogcobcm\/wp-json\/wp\/v2\/posts\/3321"}],"collection":[{"href":"https:\/\/cobcm.net\/blogcobcm\/wp-json\/wp\/v2\/posts"}],"about":[{"href":"https:\/\/cobcm.net\/blogcobcm\/wp-json\/wp\/v2\/types\/post"}],"author":[{"embeddable":true,"href":"https:\/\/cobcm.net\/blogcobcm\/wp-json\/wp\/v2\/users\/2"}],"replies":[{"embeddable":true,"href":"https:\/\/cobcm.net\/blogcobcm\/wp-json\/wp\/v2\/comments?post=3321"}],"version-history":[{"count":6,"href":"https:\/\/cobcm.net\/blogcobcm\/wp-json\/wp\/v2\/posts\/3321\/revisions"}],"predecessor-version":[{"id":3355,"href":"https:\/\/cobcm.net\/blogcobcm\/wp-json\/wp\/v2\/posts\/3321\/revisions\/3355"}],"wp:featuredmedia":[{"embeddable":true,"href":"https:\/\/cobcm.net\/blogcobcm\/wp-json\/wp\/v2\/media\/3324"}],"wp:attachment":[{"href":"https:\/\/cobcm.net\/blogcobcm\/wp-json\/wp\/v2\/media?parent=3321"}],"wp:term":[{"taxonomy":"category","embeddable":true,"href":"https:\/\/cobcm.net\/blogcobcm\/wp-json\/wp\/v2\/categories?post=3321"},{"taxonomy":"post_tag","embeddable":true,"href":"https:\/\/cobcm.net\/blogcobcm\/wp-json\/wp\/v2\/tags?post=3321"}],"curies":[{"name":"wp","href":"https:\/\/api.w.org\/{rel}","templated":true}]}}