{"id":3417,"date":"2019-12-10T22:56:43","date_gmt":"2019-12-10T21:56:43","guid":{"rendered":"http:\/\/blog.cobcm.net\/?p=3417"},"modified":"2020-01-08T11:49:59","modified_gmt":"2020-01-08T11:49:59","slug":"hoy-celebramos-otro-dia-internacional-de-las-montanas","status":"publish","type":"post","link":"https:\/\/cobcm.net\/blogcobcm\/2019\/12\/10\/hoy-celebramos-otro-dia-internacional-de-las-montanas\/","title":{"rendered":"Hoy celebramos otro D\u00eda Internacional de las Monta\u00f1as"},"content":{"rendered":"\n<p>El&nbsp;20 de diciembre&nbsp;de&nbsp;2002&nbsp;la&nbsp;Asamblea General de las <a href=\"https:\/\/www.un.org\/es\/\" target=\"_blank\" rel=\"noreferrer noopener\" aria-label=\"Naciones Unidas (abre en una nueva pesta\u00f1a)\">Naciones Unidas<\/a>&nbsp;en la&nbsp;Resoluci\u00f3n 57\/245&nbsp;\u00abdecide declarar el&nbsp;11 de diciembre <strong>D\u00eda Internacional de las Monta\u00f1as<\/strong>, a partir del&nbsp;11 de diciembre&nbsp;de&nbsp;2003, y alienta a la comunidad internacional a que organice actos a todos los niveles ese d\u00eda para resaltar la importancia del desarrollo sostenible de las monta\u00f1as\u00bb.<\/p>\n\n\n\n<h4 class=\"wp-block-heading\">Monta\u00f1as, esas joyas naturales que debi\u00e9ramos&nbsp;atesorar<\/h4>\n\n\n\n<p>Las monta\u00f1as albergan el 15% de la poblaci\u00f3n mundial, dan cobijo a un cuarto de los animales y plantas terrestres&nbsp;y suministran&nbsp;agua dulce para m\u00e1s de la mitad de la humanidad. Su conservaci\u00f3n resulta&nbsp;clave, tal cual especifica el&nbsp;<a href=\"https:\/\/www.un.org\/sustainabledevelopment\/es\/biodiversity\/\" target=\"_blank\" rel=\"noopener\">Objetivo 15 de los ODS.<\/a><\/p>\n\n\n\n<figure class=\"wp-block-embed-youtube wp-block-embed is-type-video is-provider-youtube wp-embed-aspect-16-9 wp-has-aspect-ratio\"><div class=\"wp-block-embed__wrapper\">\n<div class=\"fitvids-video\"><iframe loading=\"lazy\" title=\"D\u00eda Internacional de las Monta\u00f1as\" width=\"660\" height=\"371\" src=\"https:\/\/www.youtube.com\/embed\/11rF6zv_8l0?feature=oembed\" frameborder=\"0\" allow=\"accelerometer; autoplay; clipboard-write; encrypted-media; gyroscope; picture-in-picture; web-share\" referrerpolicy=\"strict-origin-when-cross-origin\" allowfullscreen><\/iframe><\/div>\n<\/div><\/figure>\n\n\n\n<p>Sin embargo, se encuentran fuertemente amenazadas por el&nbsp;cambio clim\u00e1tico&nbsp;y la&nbsp;sobreexplotaci\u00f3n. A medida que los glaciares de monta\u00f1a se derriten, los habitantes de las alturas \u2014entre los m\u00e1s pobres del mundo\u2014 afrontan&nbsp;mayores dificultades&nbsp;para sobrevivir a causa de los desastres naturales.<\/p>\n\n\n\n<p>A todo ello&nbsp;hay&nbsp;que sumar el hecho de que dicho&nbsp;derretimiento a una velocidad sin precedentes amenaza el&nbsp;suministro&nbsp;de agua dulce de millones de personas.<\/p>\n\n\n\n<p>Este problema es cosa de todos.&nbsp;De ah\u00ed que debamos reducir la huella de carbono y cuidar este tesoro natural.<\/p>\n\n\n\n<figure class=\"wp-block-image\"><img loading=\"lazy\" decoding=\"async\" width=\"640\" height=\"426\" src=\"https:\/\/cobcm.net\/blogcobcm\/wp-content\/uploads\/sites\/32019\/12\/place-4317527_640.jpg\" alt=\"Monta\u00f1as\" class=\"wp-image-3422\" srcset=\"https:\/\/cobcm.net\/wp-content\/uploads\/sites\/3\/2019\/12\/place-4317527_640.jpg 640w, https:\/\/cobcm.net\/wp-content\/uploads\/sites\/3\/2019\/12\/place-4317527_640-300x200.jpg 300w, https:\/\/cobcm.net\/wp-content\/uploads\/sites\/3\/2019\/12\/place-4317527_640-400x266.jpg 400w\" sizes=\"(max-width: 640px) 100vw, 640px\" \/><\/figure>\n\n\n\n<h4 class=\"wp-block-heading\">Tema 2019: Las monta\u00f1as son importantes para los j\u00f3venes<\/h4>\n\n\n\n<p>Este&nbsp;d\u00eda internacional&nbsp;recalcar\u00e1 las dificultades que afrontan los&nbsp;j\u00f3venes&nbsp;que viven en la monta\u00f1a y su \u00fanico final posible: la emigraci\u00f3n, la cual acarrea a su vez el abandono de la agricultura, la degradaci\u00f3n del suelo y la p\u00e9rdida de&nbsp;valores y tradiciones culturales.<\/p>\n\n\n\n<p>La educaci\u00f3n y la formaci\u00f3n, el acceso a empleo y mejores servicios p\u00fablicos podr\u00edan&nbsp;garantizarles un futuro mejor.<\/p>\n\n\n\n<p>As\u00ed, en este 2019, ellos ser\u00e1n las voces que luchen para hacer que las monta\u00f1as y sus gentes est\u00e9n m\u00e1s presentes&nbsp;en agendas sostenibles, inversiones e investigaciones.<\/p>\n\n\n\n<div style=\"height:50px\" aria-hidden=\"true\" class=\"wp-block-spacer\"><\/div>\n\n\n\n<p>Fuente: un.org<\/p>\n","protected":false},"excerpt":{"rendered":"<p>El&nbsp;20 de diciembre&nbsp;de&nbsp;2002&nbsp;la&nbsp;Asamblea General de las Naciones Unidas&nbsp;en la&nbsp;Resoluci\u00f3n 57\/245&nbsp;\u00abdecide declarar el&nbsp;11 de diciembre D\u00eda Internacional de las Monta\u00f1as, a<\/p>\n","protected":false},"author":2,"featured_media":3500,"comment_status":"open","ping_status":"open","sticky":false,"template":"","format":"standard","meta":{"footnotes":""},"categories":[1],"tags":[],"class_list":["post-3417","post","type-post","status-publish","format-standard","has-post-thumbnail","hentry","category-general"],"_links":{"self":[{"href":"https:\/\/cobcm.net\/blogcobcm\/wp-json\/wp\/v2\/posts\/3417"}],"collection":[{"href":"https:\/\/cobcm.net\/blogcobcm\/wp-json\/wp\/v2\/posts"}],"about":[{"href":"https:\/\/cobcm.net\/blogcobcm\/wp-json\/wp\/v2\/types\/post"}],"author":[{"embeddable":true,"href":"https:\/\/cobcm.net\/blogcobcm\/wp-json\/wp\/v2\/users\/2"}],"replies":[{"embeddable":true,"href":"https:\/\/cobcm.net\/blogcobcm\/wp-json\/wp\/v2\/comments?post=3417"}],"version-history":[{"count":4,"href":"https:\/\/cobcm.net\/blogcobcm\/wp-json\/wp\/v2\/posts\/3417\/revisions"}],"predecessor-version":[{"id":3502,"href":"https:\/\/cobcm.net\/blogcobcm\/wp-json\/wp\/v2\/posts\/3417\/revisions\/3502"}],"wp:featuredmedia":[{"embeddable":true,"href":"https:\/\/cobcm.net\/blogcobcm\/wp-json\/wp\/v2\/media\/3500"}],"wp:attachment":[{"href":"https:\/\/cobcm.net\/blogcobcm\/wp-json\/wp\/v2\/media?parent=3417"}],"wp:term":[{"taxonomy":"category","embeddable":true,"href":"https:\/\/cobcm.net\/blogcobcm\/wp-json\/wp\/v2\/categories?post=3417"},{"taxonomy":"post_tag","embeddable":true,"href":"https:\/\/cobcm.net\/blogcobcm\/wp-json\/wp\/v2\/tags?post=3417"}],"curies":[{"name":"wp","href":"https:\/\/api.w.org\/{rel}","templated":true}]}}