{"id":3485,"date":"2020-01-08T11:32:45","date_gmt":"2020-01-08T11:32:45","guid":{"rendered":"https:\/\/cobcm.net\/blogcobcm\/?p=3485"},"modified":"2020-03-19T09:33:23","modified_gmt":"2020-03-19T09:33:23","slug":"retos-del-cobcm-para-el-2020","status":"publish","type":"post","link":"https:\/\/cobcm.net\/blogcobcm\/2020\/01\/08\/retos-del-cobcm-para-el-2020\/","title":{"rendered":"Retos del COBCM para el 2020"},"content":{"rendered":"\n<p>Acabamos de comenzar un nuevo a\u00f1o y viene cargado de retos que afrontar.  Algunos viene de lejos y otros son nuevos. Sin embargo, desde el COBCM trabajamos incansablemente en cada uno de ellos para conseguir superarlos y que poco a poco, ejercer como profesionales de la Biolog\u00eda, sea m\u00e1s respetado y valorado. Al menos, en la medida en la que consideramos como m\u00ednima.<\/p>\n\n\n\n<p>Pero antes de empezar, queremos desearos que el 2020 sea un a\u00f1o lleno de metas alcanzadas y que consig\u00e1is todos los objetivos que os hay\u00e1is propuesto.<\/p>\n\n\n\n<h4 class=\"wp-block-heading\">Los principales retos<\/h4>\n\n\n\n<div class=\"wp-block-media-text alignwide has-media-on-the-right\"><figure class=\"wp-block-media-text__media\"><img loading=\"lazy\" decoding=\"async\" width=\"628\" height=\"355\" src=\"http:\/\/cobcm.net\/blogcobcm\/wp-content\/uploads\/sites\/3\/2020\/01\/bannerweb-1.jpg\" alt=\"Campa\u00f1a sanidad\" class=\"wp-image-3490\" srcset=\"https:\/\/cobcm.net\/wp-content\/uploads\/sites\/3\/2020\/01\/bannerweb-1.jpg 628w, https:\/\/cobcm.net\/wp-content\/uploads\/sites\/3\/2020\/01\/bannerweb-1-300x170.jpg 300w, https:\/\/cobcm.net\/wp-content\/uploads\/sites\/3\/2020\/01\/bannerweb-1-130x72.jpg 130w\" sizes=\"(max-width: 628px) 100vw, 628px\" \/><\/figure><div class=\"wp-block-media-text__content\">\n<ul class=\"wp-block-list\"><li>El reconocimiento real del\u00a0<a rel=\"noreferrer noopener\" href=\"https:\/\/cobcm.net\/blog\/2019\/04\/30\/el-cobcm-con-los-biologos-sanitarios\/\" target=\"_blank\"><strong>Bi\u00f3logo Sanitario<\/strong><\/a>. Va a hacer una a\u00f1o que la Ministra de Sanidad, Consumo y Bienestar Social realiz\u00f3 un reconocimiento p\u00fablico en rueda de prensa de la figura del Bi\u00f3logo Sanitario. Sin embargo, esta figura a\u00fan no se ha llevado a la pr\u00e1ctica. Con lo que los bi\u00f3logos que trabajan en el \u00e1mbito sanitario siguen teniendo las mismas condiciones.<\/li><\/ul>\n<\/div><\/div>\n\n\n\n<ul class=\"wp-block-list\"><li>Finalizar con la definici\u00f3n del perfil profesional del&nbsp;<a rel=\"noreferrer noopener\" href=\"https:\/\/cobcm.net\/blog\/2019\/11\/20\/el-biologo-ambiental\/\" target=\"_blank\"><strong>Bi\u00f3logo Ambiental<\/strong><\/a>&nbsp;y comenzar as\u00ed su reconocimiento laboral. De esta manera podremos defender de manera clara y sin equ\u00edvocos las competencias que son nuestras, tanto las exclusivas como las que no.<\/li><li>Luchar contra el&nbsp;<strong>intrusismo laboral<\/strong>. Muy relacionado con el punto anterior, aunque extensible a todos los sectores en los que los bi\u00f3logos tenemos las competencias.<\/li><li>Trabajar porque en los contratos de trabajo tengamos la&nbsp;<strong>categor\u00eda profesional<\/strong>&nbsp;que nos corresponde como titulados. Luchamos porque las empresas hagan un reconocimiento real del profesional al que est\u00e1n contratando. Y con real nos referimos a la categor\u00eda profesional en la Seguridad Social, salario, responsabilidades, etc. \u00a1Si quieren un bi\u00f3logo, que paguen un bi\u00f3logo!<\/li><li>Continuar planteando&nbsp;<a rel=\"noreferrer noopener\" href=\"https:\/\/cobcm.net\/recursos-ante-la-administracion\/\" target=\"_blank\"><strong>Recursos&nbsp;antes las Administraciones P\u00fablicas<\/strong><\/a>&nbsp;correspondientes en aquellas plazas de empleo p\u00fablico a las que por derecho nos corresponde poder optar y en la que los bi\u00f3logos estamos excluidos.<\/li><li>Fomento del inter\u00e9s por la Biolog\u00eda y el progreso de la misma:&nbsp;<a rel=\"noreferrer noopener\" href=\"https:\/\/cobcm.net\/blog\/category\/actividades\/olimpiada-de-biologia\/\" target=\"_blank\"><strong>Olimpiada de Biolog\u00eda de la Comunida de Madrid<\/strong><\/a>,&nbsp;<a rel=\"noreferrer noopener\" href=\"https:\/\/cobcm.net\/blog\/category\/actividades\/premio-mejor-proyecto-fin-de-carrera\/\" target=\"_blank\"><strong>Premio COBCM al mejor Trabajo de Fin de Grado<\/strong><\/a>,&nbsp;<a rel=\"noreferrer noopener\" href=\"https:\/\/cobcm.net\/blog\/category\/actividades\/proyecto-mentoring\/\" target=\"_blank\"><strong>Proyecto YODA<\/strong><\/a>, etc.<\/li><\/ul>\n\n\n\n<div class=\"wp-block-image\"><figure class=\"aligncenter size-medium is-resized\"><img decoding=\"async\" src=\"https:\/\/cobcm.net\/blogcobcm\/wp-content\/uploads\/sites\/3\/2020\/01\/Laboratorium_875-300x200.jpg\" alt=\"\" class=\"wp-image-3495\" width=\"400\" srcset=\"https:\/\/cobcm.net\/wp-content\/uploads\/sites\/3\/2020\/01\/Laboratorium_875-300x200.jpg 300w, https:\/\/cobcm.net\/wp-content\/uploads\/sites\/3\/2020\/01\/Laboratorium_875-768x512.jpg 768w, https:\/\/cobcm.net\/wp-content\/uploads\/sites\/3\/2020\/01\/Laboratorium_875.jpg 800w\" sizes=\"(max-width: 300px) 100vw, 300px\" \/><\/figure><\/div>\n\n\n\n<p>A estos retos se les suman otros muchos a diario que nos obliga a la Junta de Gobierno del COBCM a estar totalmente pendiente de lo que ocurre a nivel profesional en la Comunidad de Madrid para defender nuestros derechos con u\u00f1as y dientes.<\/p>\n\n\n\n<p>Y tambi\u00e9n trabajamos para promover las obligaciones que tenemos como profesionales y que, en alguna ocasi\u00f3n, no tenemos en cuenta.<\/p>\n","protected":false},"excerpt":{"rendered":"<p>Acabamos de comenzar un nuevo a\u00f1o y viene cargado de retos que afrontar. Algunos viene de lejos y otros son<\/p>\n","protected":false},"author":314,"featured_media":3499,"comment_status":"closed","ping_status":"closed","sticky":false,"template":"","format":"standard","meta":{"footnotes":""},"categories":[3,722],"tags":[731,807],"class_list":["post-3485","post","type-post","status-publish","format-standard","has-post-thumbnail","hentry","category-cobcm","category-informacion","tag-defensa-profesion","tag-retos"],"_links":{"self":[{"href":"https:\/\/cobcm.net\/blogcobcm\/wp-json\/wp\/v2\/posts\/3485"}],"collection":[{"href":"https:\/\/cobcm.net\/blogcobcm\/wp-json\/wp\/v2\/posts"}],"about":[{"href":"https:\/\/cobcm.net\/blogcobcm\/wp-json\/wp\/v2\/types\/post"}],"author":[{"embeddable":true,"href":"https:\/\/cobcm.net\/blogcobcm\/wp-json\/wp\/v2\/users\/314"}],"replies":[{"embeddable":true,"href":"https:\/\/cobcm.net\/blogcobcm\/wp-json\/wp\/v2\/comments?post=3485"}],"version-history":[{"count":11,"href":"https:\/\/cobcm.net\/blogcobcm\/wp-json\/wp\/v2\/posts\/3485\/revisions"}],"predecessor-version":[{"id":3645,"href":"https:\/\/cobcm.net\/blogcobcm\/wp-json\/wp\/v2\/posts\/3485\/revisions\/3645"}],"wp:featuredmedia":[{"embeddable":true,"href":"https:\/\/cobcm.net\/blogcobcm\/wp-json\/wp\/v2\/media\/3499"}],"wp:attachment":[{"href":"https:\/\/cobcm.net\/blogcobcm\/wp-json\/wp\/v2\/media?parent=3485"}],"wp:term":[{"taxonomy":"category","embeddable":true,"href":"https:\/\/cobcm.net\/blogcobcm\/wp-json\/wp\/v2\/categories?post=3485"},{"taxonomy":"post_tag","embeddable":true,"href":"https:\/\/cobcm.net\/blogcobcm\/wp-json\/wp\/v2\/tags?post=3485"}],"curies":[{"name":"wp","href":"https:\/\/api.w.org\/{rel}","templated":true}]}}