{"id":3883,"date":"2020-06-29T18:43:25","date_gmt":"2020-06-29T18:43:25","guid":{"rendered":"https:\/\/cobcm.net\/blogcobcm\/?p=3883"},"modified":"2021-07-06T12:11:25","modified_gmt":"2021-07-06T12:11:25","slug":"junta-gobierno-y-junta-general","status":"publish","type":"post","link":"https:\/\/cobcm.net\/blogcobcm\/2020\/06\/29\/junta-gobierno-y-junta-general\/","title":{"rendered":"Elecciones a la Junta de Gobierno y Junta General del COBCM 2020"},"content":{"rendered":"\n<p>En los \u00faltimos d\u00edas se han celebrado las elecciones a la renovaci\u00f3n total de la <a aria-label=\"Junta de Gobierno (opens in a new tab)\" rel=\"noreferrer noopener\" href=\"https:\/\/cobcm.net\/blogcobcm\/2018\/08\/01\/la-junta-de-gobierno-del-cobcm\/\" target=\"_blank\" class=\"rank-math-link\">Junta de Gobierno<\/a> del COBCM y la <a aria-label=\"Junta General (opens in a new tab)\" rel=\"noreferrer noopener\" href=\"https:\/\/cobcm.net\/blogcobcm\/2018\/12\/04\/la-junta-general-de-colegiados\/\" target=\"_blank\" class=\"rank-math-link\">Junta General<\/a> de colegiados del COBCM, ambas del 2020.<\/p>\n\n\n\n<p>En esta ocasi\u00f3n, ambas se han tenido que retrasar varios meses debido a la crisis sanitaria causada por el coronavirus SARS-CoV-2 y la COVID-19.<\/p>\n\n\n\n<h4 class=\"wp-block-heading\">Elecciones a la Junta de Gobierno<\/h4>\n\n\n\n<p>El viernes 26 de junio de 2020, se celebraron las elecciones de renovaci\u00f3n total de la Junta de Gobierno del Colegio Oficial de Bi\u00f3logos de la Comunidad de Madrid convocadas el pasado 2 de marzo de 2020.&nbsp;<\/p>\n\n\n\n<p>Tras el cierre de la mesa electoral, a las 16:00 horas del d\u00eda 26 de junio de 2020, se realiz\u00f3 el escrutinio de los votos, obteni\u00e9ndose los siguientes resultados: 38 votos emitidos (1 voto nulo y 37 votos v\u00e1lidos).&nbsp;<\/p>\n\n\n\n<p>La Junta de Gobierno del Colegio Oficial de Bi\u00f3logos de la Comunidad de Madrid, a la vista del acta de escrutinio de la mesa electoral, en su sesi\u00f3n del d\u00eda 29 de junio de 2020&nbsp;<\/p>\n\n\n\n<p>HA RESUELTO:&nbsp;<\/p>\n\n\n\n<p>Proclamar los resultados de las elecciones para la renovaci\u00f3n total de la Junta de Gobierno del Colegio Oficial de Bi\u00f3logos de la Comunidad de Madrid, declarando elegidos a los siguientes colegiados:&nbsp;<\/p>\n\n\n\n<p>Decana: M\u00aa Isabel Lorenzo Luque. Colegiada 6.241-M&nbsp;<br>Vicedecano 1\u00ba: Emilio Pascual Dom\u00ednguez. Colegiado 1.156-M&nbsp;<br>Vicedecana 2\u00aa: M\u00aa Isabel Marta Morales. Colegiada 9.215-M&nbsp;<br>Secretario: Juan E. Jim\u00e9nez Pinillos. Colegiado 11.732-M&nbsp;<br>Tesorero: Rafael Moreno Benito. Colegiado 17.961-M&nbsp;<br>Vocal 1\u00ba: Mar P\u00e9rez Calvo. Colegiada 16.708-M&nbsp;<br>Vocal 2\u00ba: Lorenzo Vidal S\u00e1nchez. Colegiado 19.262-M&nbsp;<br>Vocal 3\u00ba: Carmen Canga P\u00e9rez. Colegiada 8.108-M&nbsp;<br>Vocal 4\u00ba: Pilar Casado de Amezua Ayala. Colegiada 18.562-M&nbsp;<br>Vocal 5\u00ba: Judith Cano Ruiz. Colegiada 19.357-M&nbsp;<br>Vocal 6\u00ba: Ana Horta Bellido. Colegiada 19.974-M&nbsp;<\/p>\n\n\n\n<figure class=\"wp-block-image size-large\"><img loading=\"lazy\" decoding=\"async\" width=\"742\" height=\"412\" src=\"https:\/\/cobcm.net\/wp-content\/uploadssite3\/sites\/3\/2020\/06\/Isabel-Lorenzo.jpg\" alt=\"Junta, decana\" class=\"wp-image-3887\" srcset=\"https:\/\/cobcm.net\/wp-content\/uploads\/sites\/3\/2020\/06\/Isabel-Lorenzo.jpg 742w, https:\/\/cobcm.net\/wp-content\/uploads\/sites\/3\/2020\/06\/Isabel-Lorenzo-300x167.jpg 300w, https:\/\/cobcm.net\/wp-content\/uploads\/sites\/3\/2020\/06\/Isabel-Lorenzo-390x216.jpg 390w, https:\/\/cobcm.net\/wp-content\/uploads\/sites\/3\/2020\/06\/Isabel-Lorenzo-130x72.jpg 130w\" sizes=\"(max-width: 742px) 100vw, 742px\" \/><figcaption>Isabel Lorenzo<\/figcaption><\/figure>\n\n\n\n<h2 class=\"wp-block-heading\">Junta General del COBCM 2020<\/h2>\n\n\n\n<p>Se celebr\u00f3 el pesado lunes 29 de junio de 2020, en <a href=\"https:\/\/ibercenter.com\/\" target=\"_blank\" aria-label=\"Ibercenter (opens in a new tab)\" rel=\"noreferrer noopener\" class=\"rank-math-link\">Ibercenter<\/a> Azca (debido a las restricciones de distanciamiento por las medidas sanitarias a causa de la COVID-19 la sede colegial era insuficiente), a las 17:00 horas en primera convocatoria y a las 17:30 horas en segunda convocatoria, con el siguiente orden del d\u00eda:<\/p>\n\n\n\n<ol class=\"wp-block-list\"><li>Lectura y aprobaci\u00f3n, en su caso, del acta de la reuni\u00f3n de Junta General Ordinaria de 2019.<\/li><li>Aprobaci\u00f3n, en su caso, de las cuentas anuales del ejercicio 2019.<\/li><li>Aprobaci\u00f3n, en su caso, del presupuesto del a\u00f1o 2020.<\/li><li>Aprobaci\u00f3n, en su caso, de la memoria de la gesti\u00f3n de la Junta de Gobierno a lo largo del a\u00f1o 2019.<\/li><li>Exposici\u00f3n y aprobaci\u00f3n, en su caso, de las l\u00edneas generales de la gesti\u00f3n de la Junta de Gobierno en el a\u00f1o en curso.<\/li><li>Aprobaci\u00f3n, en su caso, de la modificaci\u00f3n de los art\u00edculos 40 y 44 de los estatutos del COBCM relativos al proceso electoral.<\/li><li>Nueva cuota reducida para jubilados, por un importe semestral de 12\u20ac.<\/li><li>Presentaci\u00f3n de la figura de bi\u00f3logo ambiental.<\/li><li>Ruegos y preguntas.<\/li><\/ol>\n\n\n\n<p>Este a\u00f1o, por primera vez, se ha podido participar en la Junta General de manera telem\u00e1tica. No han sido muchos los colegiados que lo han hecho as\u00ed en esta ocasi\u00f3n, pero estamos seguros que cada a\u00f1o ser\u00e1n m\u00e1s.<\/p>\n","protected":false},"excerpt":{"rendered":"<p>En los \u00faltimos d\u00edas se han celebrado las elecciones a la renovaci\u00f3n total de la Junta de Gobierno del COBCM<\/p>\n","protected":false},"author":314,"featured_media":3888,"comment_status":"closed","ping_status":"closed","sticky":false,"template":"","format":"standard","meta":{"footnotes":""},"categories":[3,722],"tags":[750,782],"class_list":["post-3883","post","type-post","status-publish","format-standard","has-post-thumbnail","hentry","category-cobcm","category-informacion","tag-junta-de-gobierno","tag-junta-general"],"_links":{"self":[{"href":"https:\/\/cobcm.net\/blogcobcm\/wp-json\/wp\/v2\/posts\/3883"}],"collection":[{"href":"https:\/\/cobcm.net\/blogcobcm\/wp-json\/wp\/v2\/posts"}],"about":[{"href":"https:\/\/cobcm.net\/blogcobcm\/wp-json\/wp\/v2\/types\/post"}],"author":[{"embeddable":true,"href":"https:\/\/cobcm.net\/blogcobcm\/wp-json\/wp\/v2\/users\/314"}],"replies":[{"embeddable":true,"href":"https:\/\/cobcm.net\/blogcobcm\/wp-json\/wp\/v2\/comments?post=3883"}],"version-history":[{"count":6,"href":"https:\/\/cobcm.net\/blogcobcm\/wp-json\/wp\/v2\/posts\/3883\/revisions"}],"predecessor-version":[{"id":4348,"href":"https:\/\/cobcm.net\/blogcobcm\/wp-json\/wp\/v2\/posts\/3883\/revisions\/4348"}],"wp:featuredmedia":[{"embeddable":true,"href":"https:\/\/cobcm.net\/blogcobcm\/wp-json\/wp\/v2\/media\/3888"}],"wp:attachment":[{"href":"https:\/\/cobcm.net\/blogcobcm\/wp-json\/wp\/v2\/media?parent=3883"}],"wp:term":[{"taxonomy":"category","embeddable":true,"href":"https:\/\/cobcm.net\/blogcobcm\/wp-json\/wp\/v2\/categories?post=3883"},{"taxonomy":"post_tag","embeddable":true,"href":"https:\/\/cobcm.net\/blogcobcm\/wp-json\/wp\/v2\/tags?post=3883"}],"curies":[{"name":"wp","href":"https:\/\/api.w.org\/{rel}","templated":true}]}}