{"id":423,"date":"2012-11-16T11:52:00","date_gmt":"2012-11-16T10:52:00","guid":{"rendered":"http:\/\/blog.cobcm.net\/?p=423"},"modified":"2012-11-16T11:52:00","modified_gmt":"2012-11-16T10:52:00","slug":"notas-de-prensa-del-cobcm-sobre-las-reformas-sanitarias-que-afectan-a-los-biologos","status":"publish","type":"post","link":"https:\/\/cobcm.net\/blogcobcm\/2012\/11\/16\/notas-de-prensa-del-cobcm-sobre-las-reformas-sanitarias-que-afectan-a-los-biologos\/","title":{"rendered":"Notas de prensa del COBCM sobre las reformas sanitarias que afectan a los Bi\u00f3logos"},"content":{"rendered":"<p>Os dejamos enlazadas las dos notas de prensa que el COBCM ha elaborado en relaci\u00f3n a los cambios que se est\u00e1n preparando en relaci\u00f3n a la Sanidad P\u00fablica en la Comunidad de Madrid.<\/p>\n<p>En primer lugar \u00ab<a href=\"https:\/\/cobcm.net\/blogcobcm\/wp-content\/uploads\/sites\/32012\/11\/comunicado-reuni\u00f3n-consejero-de-sanidad.pdf\">La Consejer\u00eda de Sanidad de la Comunidad de Madrid ignora a los bi\u00f3logos en su convocatoria par explicar los recortes en salud<\/a>.\u00bb: El consejero de Sanidad Javier Fern\u00e1ndez- Lasquetty obvi\u00f3\u00a0convocar al Colegio Oficial de Bi\u00f3logos de la Comunidad de Madrid, \u00fanico \u00f3rgano\u00a0reconocido que representa a todos los numerosos bi\u00f3logos que trabajan para la\u00a0sanidad madrile\u00f1a, ya sea en laboratorios cl\u00ednicos o centros de investigaci\u00f3n.<\/p>\n<p>Por otro lado, \u00ab<a href=\"https:\/\/cobcm.net\/blogcobcm\/wp-content\/uploads\/sites\/32012\/11\/comunicado-hospital-de-la-princesa.pdf\">Los recortes sanitarios de la Comunidad de Madrid ponen en serio peligro el trabajo y las investigaciones de los bi\u00f3logos.<\/a>\u00ab: Las reformas prevista en los cometidos de los hospitales madrile\u00f1os pone en serio peligro, no s\u00f3lo el trabajo, sino todo lo hallado y\u00a0desarrollado por m\u00e1s de 400 investigadores repartidos en 512 grupos, muchos de ellos bi\u00f3logos.<\/p>\n<p>Ante estas reformas desde el COBCM queremos invitar a la participaci\u00f3n mediante los comentarios en el blog y las redes sociales lanzando dos preguntas:<\/p>\n<ul>\n<li>La Comunidad sugiere que algunos servicios que privatizar\u00e1 podr\u00edan ser\u00a0prestados, reunidos en empresas, por los mismos profesionales que trabajan\u00a0\u2013trabajaban- en los hospitales \u00abrecortados\u00bb. \u00bfEs esto una buena idea?\u00a0\u00bfEncierra algunos peligros?<\/li>\n<\/ul>\n<ul>\n<li> \u00bfQue acciones puede adoptar nuestro colectivo, adem\u00e1s de las\u00a0acostumbradas, para hacer ver a los gestores pol\u00edticos que se est\u00e1n\u00a0equivocando de pleno?<\/li>\n<\/ul>\n","protected":false},"excerpt":{"rendered":"<p>Os dejamos enlazadas las dos notas de prensa que el COBCM ha elaborado en relaci\u00f3n a los cambios que se<\/p>\n","protected":false},"author":1,"featured_media":0,"comment_status":"open","ping_status":"open","sticky":false,"template":"","format":"standard","meta":{"footnotes":""},"categories":[3],"tags":[],"class_list":["post-423","post","type-post","status-publish","format-standard","hentry","category-cobcm"],"_links":{"self":[{"href":"https:\/\/cobcm.net\/blogcobcm\/wp-json\/wp\/v2\/posts\/423"}],"collection":[{"href":"https:\/\/cobcm.net\/blogcobcm\/wp-json\/wp\/v2\/posts"}],"about":[{"href":"https:\/\/cobcm.net\/blogcobcm\/wp-json\/wp\/v2\/types\/post"}],"author":[{"embeddable":true,"href":"https:\/\/cobcm.net\/blogcobcm\/wp-json\/wp\/v2\/users\/1"}],"replies":[{"embeddable":true,"href":"https:\/\/cobcm.net\/blogcobcm\/wp-json\/wp\/v2\/comments?post=423"}],"version-history":[{"count":1,"href":"https:\/\/cobcm.net\/blogcobcm\/wp-json\/wp\/v2\/posts\/423\/revisions"}],"predecessor-version":[{"id":426,"href":"https:\/\/cobcm.net\/blogcobcm\/wp-json\/wp\/v2\/posts\/423\/revisions\/426"}],"wp:attachment":[{"href":"https:\/\/cobcm.net\/blogcobcm\/wp-json\/wp\/v2\/media?parent=423"}],"wp:term":[{"taxonomy":"category","embeddable":true,"href":"https:\/\/cobcm.net\/blogcobcm\/wp-json\/wp\/v2\/categories?post=423"},{"taxonomy":"post_tag","embeddable":true,"href":"https:\/\/cobcm.net\/blogcobcm\/wp-json\/wp\/v2\/tags?post=423"}],"curies":[{"name":"wp","href":"https:\/\/api.w.org\/{rel}","templated":true}]}}