{"id":4431,"date":"2021-11-30T10:03:06","date_gmt":"2021-11-30T10:03:06","guid":{"rendered":"https:\/\/cobcm.net\/blogcobcm\/?p=4431"},"modified":"2021-12-09T10:33:06","modified_gmt":"2021-12-09T10:33:06","slug":"reconocimiento-biologos-sanitarios","status":"publish","type":"post","link":"https:\/\/cobcm.net\/blogcobcm\/2021\/11\/30\/reconocimiento-biologos-sanitarios\/","title":{"rendered":"Acto de reconocimiento a los bi\u00f3logos sanitarios durante la pandemia."},"content":{"rendered":"\n<p>La situaci\u00f3n de pandemia COVID-19 ha demostrado una vez m\u00e1s que los profesionales de la Biolog\u00eda son imprescindibles en el \u00e1mbito de la sanidad. Su innegable contribuci\u00f3n est\u00e1 posibilitando que la aterradora enfermedad tenga mejores diagn\u00f3sticos y tratamientos, una mejor y m\u00e1s r\u00e1pida soluci\u00f3n.<\/p>\n\n\n\n<p>Este acto ha querido homenajear a estos profesionales, que, con su esfuerzo y dedicaci\u00f3n luchan para que la pandemia COVID-19 no sea azote de la humanidad dando una mayor visibilidad al indiscutible papel de la biolog\u00eda en el avance hacia una mejor salud global.<\/p>\n\n\n\n<figure class=\"wp-block-embed is-type-video is-provider-youtube wp-block-embed-youtube wp-embed-aspect-16-9 wp-has-aspect-ratio\"><div class=\"wp-block-embed__wrapper\">\n<div class=\"fitvids-video\"><iframe loading=\"lazy\" title=\"Acto de reconocimiento a los bi\u00f3logos sanitarios durante la pandemia.\" width=\"660\" height=\"371\" src=\"https:\/\/www.youtube.com\/embed\/EkaLsGe_HK0?feature=oembed\" frameborder=\"0\" allow=\"accelerometer; autoplay; clipboard-write; encrypted-media; gyroscope; picture-in-picture; web-share\" referrerpolicy=\"strict-origin-when-cross-origin\" allowfullscreen><\/iframe><\/div>\n<\/div><figcaption>V\u00eddeo del acto<\/figcaption><\/figure>\n\n\n\n<h5 class=\"wp-block-heading\">RECONOCIMIENTOS CONCEDIDOS EN EL ACTO<\/h5>\n\n\n\n<h6 class=\"wp-block-heading\">Reconocimiento a los avances en Sanidad mediante la colaboraci\u00f3n multidisciplinar de profesionales de la Biolog\u00eda durante la pandemia COVID-19.<\/h6>\n\n\n\n<p>Bi\u00f3logos, Veterinarios, Farmac\u00e9uticos, Qu\u00edmicos, M\u00e9dicos y en general todos los profesionales de la sanidad han aunado esfuerzos para dar soluci\u00f3n a la pandemia que sufrimos. Nuevas vacunas, m\u00e9todos de diagn\u00f3stico, medicamentos y estudios epidemiol\u00f3gicos elaborados por estos equipos multidisciplinares han conseguido atenuar con \u00e9xito la gravedad de esta tremenda emergencia. Es ejemplo y evidencia de que la permanente colaboraci\u00f3n que existe entre las distintas profesiones sanitarias hace posible avanzar en innovaci\u00f3n dirigida al cuidado de la salud de la ciudadan\u00eda, de los animales y del medio ambiente. Ejemplo de esta colaboraci\u00f3n se materializa en la actividad de:<\/p>\n\n\n\n<p><strong>Miren Basaras<\/strong>, profesora de microbiolog\u00eda de la UPV-EHU, quien ha ocupado el cargo de responsable COVID-19 desde que en septiembre de 2020, el Consejo de Gobierno de la Universidad del Pais Vasco dio el visto bueno para su creaci\u00f3n. Con este cargo, asumi\u00f3 la gesti\u00f3n del Comit\u00e9 de Vigilancia COVID-19, organismo multidisciplinar de la UPV-EHU encargado de la coordinaci\u00f3n, asesor\u00eda, informaci\u00f3n, seguimiento y control de los efectos diarios que el coronavirus pueda ocasionar en la Universidad. Con este cargo, se reconoc\u00eda la enorme experiencia que en el campo de la infecci\u00f3n humana tiene la profesora Miren Basaras. Su l\u00ednea de investigaci\u00f3n se centra en la infecci\u00f3n humana relacion\u00e1ndola, entre otras, con la virolog\u00eda cl\u00ednica y las vacunas. En este \u00faltimo a\u00f1o ha colaborado activamente en la divulgaci\u00f3n cient\u00edfica de la COVID-19 en muy diversos medios de comunicaci\u00f3n e impartiendo numerosas conferencias. Por toda esta dedicaci\u00f3n a la pandemia ha recibido el premio a la Excelencia de Radio Bilbao y la Cadena Ser en la categor\u00eda de Investigaci\u00f3n 2021.<\/p>\n\n\n\n<p><strong>Jes\u00fas Garc\u00eda Cantalejo<\/strong>, T\u00e9cnico e investigador de la Universidad Complutense en la Unidad de Gen\u00f3mica, sita en la Facultad de Ciencias Biol\u00f3gicas, que particip\u00f3 activamente en la red de laboratorios de an\u00e1lisis que la universidad puso en marcha con implicaci\u00f3n de las facultades de Biolog\u00eda, Farmacia y Veterinaria, para dar servicio en el an\u00e1lisis de infectividad de residentes y trabajadores de las residencias de mayores de la Comunidad de Madrid durante el periodo de alarma, con m\u00e1s de 30.000 an\u00e1lisis realizados que salvaron un ingente n\u00famero de vidas, pues ello permiti\u00f3 detectar y gestionar y prevenir contagios. Posteriormente, tuvo tambi\u00e9n una participaci\u00f3n central en la reorientaci\u00f3n de los laboratorios de la Facultad de Biolog\u00eda para montar un servicio de an\u00e1lisis prospectivo de infectividad en toda la comunidad universitaria (profesores, PAS y estudiantes), que lleva m\u00e1s de 1 a\u00f1o (y sigue) funcionando y que ha analizado ya m\u00e1s de 70.000 muestras de saliva por lotes, previniendo la aparici\u00f3n de focos<br>durante la realizaci\u00f3n de actividades presenciales.<\/p>\n\n\n\n<p>Ambos son un ejemplo muy ilustrativo de la importancia de la integraci\u00f3n multidisciplinar del trabajo de los bi\u00f3logos con el resto de profesionales en el \u00e1mbito sanitario, as\u00ed como de la capacidad de respuesta que estas estructuras multidisciplinares tienen en materia de salud p\u00fablica, muy especialmente con ocasi\u00f3n de emergencias sanitarias.<\/p>\n\n\n\n<p>Miren Besaras y Jes\u00fas Garc\u00eda Cantalejo recogen este reconocimiento en nombre de todos aquellos profesionales que, en un \u00e1mbito multidisciplinar, colaboran permanentemente para conseguir estos objetivos.<\/p>\n\n\n\n<figure class=\"wp-block-image size-large\"><img loading=\"lazy\" decoding=\"async\" width=\"1024\" height=\"683\" src=\"https:\/\/cobcm.net\/wp-content\/uploadssite3\/sites\/3\/2021\/11\/1126_EVENTO-COBCM-101-1-1024x683.jpg\" alt=\"reconocimiento\" class=\"wp-image-4438\" srcset=\"https:\/\/cobcm.net\/wp-content\/uploads\/sites\/3\/2021\/11\/1126_EVENTO-COBCM-101-1-1024x683.jpg 1024w, https:\/\/cobcm.net\/wp-content\/uploads\/sites\/3\/2021\/11\/1126_EVENTO-COBCM-101-1-300x200.jpg 300w, https:\/\/cobcm.net\/wp-content\/uploads\/sites\/3\/2021\/11\/1126_EVENTO-COBCM-101-1-768x512.jpg 768w, https:\/\/cobcm.net\/wp-content\/uploads\/sites\/3\/2021\/11\/1126_EVENTO-COBCM-101-1-1536x1024.jpg 1536w, https:\/\/cobcm.net\/wp-content\/uploads\/sites\/3\/2021\/11\/1126_EVENTO-COBCM-101-1.jpg 1920w\" sizes=\"(max-width: 1024px) 100vw, 1024px\" \/><\/figure>\n\n\n\n<h6 class=\"wp-block-heading\">Reconocimiento a la labor en el \u00e1rea de las Especialidades Sanitarias durante la pandemia COVID-19.<\/h6>\n\n\n\n<p>Bi\u00f3logos Especialistas en las \u00e1reas de An\u00e1lisis Cl\u00ednicos, Bioqu\u00edmica Cl\u00ednica, Inmunolog\u00eda y Microbiolog\u00eda y Parasitolog\u00eda han contribuido con su esfuerzo y dedicaci\u00f3n, en muchos casos por encima de sus responsabilidades, a que el sistema sanitario d\u00e9 la mejor respuesta posible a las necesidades de diagn\u00f3stico que ha provocado la Pandemia COVID-19. Ejemplo de ello se materializa en la actividad de:<\/p>\n\n\n\n<p><strong>Andr\u00e9s Ant\u00f3n Pagarolas<\/strong>, especialista en Microbiolog\u00eda y Parasitolog\u00eda del Hospital de la Vall de Hebr\u00f3n, que ha trabajado directamente con SARS-CoV-2 a nivel asistencial (sobre todo), epidemiol\u00f3gico y de investigaci\u00f3n. Con un gran conocimiento de biolog\u00eda molecular aplicada en el \u00e1mbito de la virolog\u00eda (es responsable de la Unidad de Virus Respiratorios). Durante la pandemia puso a punto varios ensayos de PCR para detecci\u00f3n de <a href=\"https:\/\/cobcm.net\/blogcobcm\/2020\/04\/14\/sars-cov-2-biologia-estructura\/\" target=\"_blank\" data-type=\"post\" data-id=\"3692\" rel=\"noreferrer noopener\">SARS-CoV-2<\/a>, sobre todo al inicio de la pandemia, y prest\u00f3 asesoramiento t\u00e9cnico a muchos profesionales. Ha estudiado las diferentes variantes y linajes del SARS-CoV-2, colaborando en diferentes estudios epidemiol\u00f3gicos de distribuci\u00f3n de variantes. Tambi\u00e9n es experto en la caracterizaci\u00f3n molecular del virus de la gripe, del virus respiratorio sincitial y de enterovirus.<\/p>\n\n\n\n<p>Recoge este reconocimiento en nombre de todos aquellos profesionales que, en el \u00e1mbito de las especialidades sanitarias, han desarrollado su labor con abnegaci\u00f3n y solidaridad.<\/p>\n\n\n\n<h6 class=\"wp-block-heading\">Reconocimiento a la vocaci\u00f3n sanitaria y su futuro en las actuaciones durante la pandemia COVID-19.<\/h6>\n\n\n\n<p>Muchos profesionales de la biolog\u00eda desarrollan su labor en el \u00e1mbito sanitario sin recibir reconocimiento como profesionales de la sanidad, y a pesar de ello han ofrecido desinteresada y generosamente sus conocimientos y experiencia para aumentar las capacidades de diagn\u00f3stico, prevenci\u00f3n y gesti\u00f3n de la pandemia. A ellos, a los hu\u00e9rfanos de la norma, se dedica este reconocimiento que se posiciona, si cabe, entre los m\u00e1s necesarios en aras de una sanidad moderna, actual e innovadora. Ejemplos de esta labor se visualizan en las actividades<br>que han desarrollado:<\/p>\n\n\n\n<p><strong>Jacob Lorenzo Morales<\/strong>, Director del Instituto Universitario de Enfermedades Tropicales y Salud P\u00fablica de Canarias de la Universidad de La Laguna, puso en marcha el programa de Cribado de COVID-19 en la Universidad de La Laguna junto con el equipo que dirige. Para ello desarroll\u00f3 uno de los primeros cribados realizados en nuestro pa\u00eds a partir de muestras de saliva, poniendo a punto esta metodolog\u00eda. Tambi\u00e9n se han puesto a punto t\u00e9cnicas espec\u00edficas para la detecci\u00f3n de variantes de SARS-CoV-2, que se han puesto a disposici\u00f3n de las autoridades sanitarias.<\/p>\n\n\n\n<p>Desde el inicio de la pandemia, desde el mes de febrero de 2020 hasta la actualidad, presta apoyo diagn\u00f3stico al Servicio Canario de Salud para detecci\u00f3n de COVID-19. Consigui\u00f3 que el centro que dirige fuera acreditado como centro de diagn\u00f3stico de COVID-19 por el Instituto de Salud Carlos III y autorizado por el Gobierno de Canarias para el mismo fin. Adem\u00e1s, ha participado en jornadas, programas de radio y televisi\u00f3n, en Cursos de Vigilancia Epidemiol\u00f3gica y en docencia y formaci\u00f3n de buenas pr\u00e1cticas sanitarias para fomentar espacios seguros libres de COVID-19.<\/p>\n\n\n\n<p><strong>Silvia Romero Chala<\/strong>, Licenciada en Biolog\u00eda, Dra. en Gen\u00e9tica. Genetista Molecular en el Laboratorio de Inmunolog\u00eda y Gen\u00e9tica Molecular del Hospital San Pedro de Alc\u00e1ntara de C\u00e1ceres. Seg\u00fan palabras de Juan Carlos Escudero, Gerente del Hospital San Pedro de Alc\u00e1ntara, durante los primeros meses de la pandemia se vivieron momentos extremadamente dif\u00edciles en los hospitales; los laboratorios de Microbiolog\u00eda tuvieron que enfrentarse a situaciones angustiosas, por la presi\u00f3n de la urgencia diagn\u00f3stica y la necesidad de poner a punto t\u00e9cnicas nuevas y manejar nuevos equipos. Silvia, bi\u00f3loga molecular, se ofreci\u00f3 desde el primer momento a colaborar con los facultativos y t\u00e9cnicos de Microbiolog\u00eda. Durante el periodo de alarma compatibiliz\u00f3 su trabajo en Gen\u00e9tica Molecular con el apoyo y asesoramiento a la Unidad de Microbiolog\u00eda, encarg\u00e1ndose de la instalaci\u00f3n y programaci\u00f3n de equipos nuevos de PCR en tiempo real y de diferentes modelos de extractores autom\u00e1ticos de ARN y ADN, as\u00ed como de entrenar en su manejo y coordinar al equipo de t\u00e9cnicos. Silvia dise\u00f1\u00f3 adem\u00e1s protocolos alternativos para solventar la dram\u00e1tica falta de reactivos y materiales.<\/p>\n\n\n\n<p>Para Luis Fern\u00e1ndez Pereira, Jefe de Inmunolog\u00eda de este Hospital, Silvia fue fundamental en la creaci\u00f3n de un laboratorio de alto rendimiento en la lucha frente al COVID-19. Trabaj\u00f3 a cualquier hora del d\u00eda y de la noche sin estar de guardia como el resto de personal del hospital. Entren\u00f3 a los facultativos m\u00e9dicos en la interpretaci\u00f3n de los resultados de las PCR, con disponibilidad permanente para atender cualquier problema t\u00e9cnico o de interpretaci\u00f3n de resultados.<\/p>\n\n\n\n<p>Corrobora igualmente la inestimable contribuci\u00f3n de Silvia la Jefa de la Unidad de Microbiolog\u00eda del Hospital San Pedro de Alc\u00e1ntara, Guadalupe Rodr\u00edguez.<\/p>\n\n\n\n<p>En la actualidad, Silvia sigue colaborando en la secuenciaci\u00f3n de cepas virales. Su abnegada labor tuvo una importancia decisiva en el diagn\u00f3stico y seguimiento de los pacientes ingresados y sus contactos.<\/p>\n\n\n\n<blockquote class=\"wp-block-quote is-layout-flow wp-block-quote-is-layout-flow\"><p>Hasta hoy, Silvia y Jacob no est\u00e1n reconocidos legalmente como profesionales sanitarios y, al igual que muchos bi\u00f3logos y bi\u00f3logas, no son tratados como tales por el sistema sanitario p\u00fablico.<\/p><\/blockquote>\n\n\n\n<p>Ambos recogen este reconocimiento en nombre de todos sus compa\u00f1eros de la profesi\u00f3n.<\/p>\n\n\n\n<figure class=\"wp-block-image size-large\"><img loading=\"lazy\" decoding=\"async\" width=\"1024\" height=\"683\" src=\"https:\/\/cobcm.net\/wp-content\/uploadssite3\/sites\/3\/2021\/11\/1126_EVENTO-COBCM-112-1024x683.jpg\" alt=\"reconocimiento\" class=\"wp-image-4434\" srcset=\"https:\/\/cobcm.net\/wp-content\/uploads\/sites\/3\/2021\/11\/1126_EVENTO-COBCM-112-1024x683.jpg 1024w, https:\/\/cobcm.net\/wp-content\/uploads\/sites\/3\/2021\/11\/1126_EVENTO-COBCM-112-300x200.jpg 300w, https:\/\/cobcm.net\/wp-content\/uploads\/sites\/3\/2021\/11\/1126_EVENTO-COBCM-112-768x512.jpg 768w, https:\/\/cobcm.net\/wp-content\/uploads\/sites\/3\/2021\/11\/1126_EVENTO-COBCM-112-1536x1024.jpg 1536w, https:\/\/cobcm.net\/wp-content\/uploads\/sites\/3\/2021\/11\/1126_EVENTO-COBCM-112.jpg 1920w\" sizes=\"(max-width: 1024px) 100vw, 1024px\" \/><\/figure>\n\n\n\n<div style=\"height:51px\" aria-hidden=\"true\" class=\"wp-block-spacer\"><\/div>\n\n\n\n<p>Informaci\u00f3n obtenida del <a href=\"https:\/\/cgcob.es\/emotivo-evento-del-acto-al-reconocimiento-de-los-profesionales-de-la-biologia-sanitaria\/\" target=\"_blank\" rel=\"noreferrer noopener\">CGCOB<\/a>.<\/p>\n","protected":false},"excerpt":{"rendered":"<p>La situaci\u00f3n de pandemia COVID-19 ha demostrado una vez m\u00e1s que los profesionales de la Biolog\u00eda son imprescindibles en el<\/p>\n","protected":false},"author":314,"featured_media":4439,"comment_status":"closed","ping_status":"closed","sticky":false,"template":"","format":"standard","meta":{"footnotes":""},"categories":[709,3],"tags":[],"class_list":["post-4431","post","type-post","status-publish","format-standard","has-post-thumbnail","hentry","category-colegiado","category-cobcm"],"_links":{"self":[{"href":"https:\/\/cobcm.net\/blogcobcm\/wp-json\/wp\/v2\/posts\/4431"}],"collection":[{"href":"https:\/\/cobcm.net\/blogcobcm\/wp-json\/wp\/v2\/posts"}],"about":[{"href":"https:\/\/cobcm.net\/blogcobcm\/wp-json\/wp\/v2\/types\/post"}],"author":[{"embeddable":true,"href":"https:\/\/cobcm.net\/blogcobcm\/wp-json\/wp\/v2\/users\/314"}],"replies":[{"embeddable":true,"href":"https:\/\/cobcm.net\/blogcobcm\/wp-json\/wp\/v2\/comments?post=4431"}],"version-history":[{"count":9,"href":"https:\/\/cobcm.net\/blogcobcm\/wp-json\/wp\/v2\/posts\/4431\/revisions"}],"predecessor-version":[{"id":4445,"href":"https:\/\/cobcm.net\/blogcobcm\/wp-json\/wp\/v2\/posts\/4431\/revisions\/4445"}],"wp:featuredmedia":[{"embeddable":true,"href":"https:\/\/cobcm.net\/blogcobcm\/wp-json\/wp\/v2\/media\/4439"}],"wp:attachment":[{"href":"https:\/\/cobcm.net\/blogcobcm\/wp-json\/wp\/v2\/media?parent=4431"}],"wp:term":[{"taxonomy":"category","embeddable":true,"href":"https:\/\/cobcm.net\/blogcobcm\/wp-json\/wp\/v2\/categories?post=4431"},{"taxonomy":"post_tag","embeddable":true,"href":"https:\/\/cobcm.net\/blogcobcm\/wp-json\/wp\/v2\/tags?post=4431"}],"curies":[{"name":"wp","href":"https:\/\/api.w.org\/{rel}","templated":true}]}}