{"id":5252,"date":"2023-05-03T08:39:04","date_gmt":"2023-05-03T08:39:04","guid":{"rendered":"https:\/\/cobcm.net\/blogcobcm\/?p=5252"},"modified":"2023-05-08T18:09:24","modified_gmt":"2023-05-08T18:09:24","slug":"sequias-chorro-polar-calentamiento","status":"publish","type":"post","link":"https:\/\/cobcm.net\/blogcobcm\/2023\/05\/03\/sequias-chorro-polar-calentamiento\/","title":{"rendered":"Mayores sequ\u00edas y m\u00e1s frecuentes; el calentamiento global debilita el chorro polar"},"content":{"rendered":"\n<figure class=\"wp-block-image alignright size-medium is-resized\"><img loading=\"lazy\" decoding=\"async\" src=\"https:\/\/cobcm.net\/wp-content\/uploadssite3\/sites\/3\/2023\/05\/sequia-300x212.jpg\" alt=\"sequ\u00eda Espa\u00f1a 2023\n\" class=\"wp-image-5254\" width=\"451\" height=\"318\" srcset=\"https:\/\/cobcm.net\/wp-content\/uploads\/sites\/3\/2023\/05\/sequia-300x212.jpg 300w, https:\/\/cobcm.net\/wp-content\/uploads\/sites\/3\/2023\/05\/sequia-768x541.jpg 768w, https:\/\/cobcm.net\/wp-content\/uploads\/sites\/3\/2023\/05\/sequia.jpg 1000w\" sizes=\"(max-width: 451px) 100vw, 451px\" \/><figcaption class=\"wp-element-caption\"><sup>Precipitaci\u00f3n acumulada en Espa\u00f1a entre el 1 y el 17 de abril \/ AEMET<\/sup><\/figcaption><\/figure>\n\n\n\n<p>La situaci\u00f3n de sequ\u00edas en nuestro pa\u00eds no deja de agravarse. De acuerdo a los datos de la <a href=\"https:\/\/www.aemet.es\/es\/portada\" data-type=\"URL\" data-id=\"https:\/\/www.aemet.es\/es\/portada\" target=\"_blank\" rel=\"noreferrer noopener\">AEMET<\/a>, ha llovido un 75% menos de lo normal en gran parte del pa\u00eds en lo que llevamos de a\u00f1o, especialmente en el este, sur y centro peninsulares. Las consecuencias se notan especialmente en las <a href=\"https:\/\/cobcm.net\/blogcobcm\/2016\/11\/14\/los-recursos-hidricos-en-la-cuenca-mediterranea-caen-en-picado\/\" data-type=\"post\" data-id=\"1872\">reservas de agua<\/a>. Lo normal ser\u00edan 37.000 hm<sup>3<\/sup>, pero <a href=\"https:\/\/eportal.miteco.gob.es\/BoleHWeb\/accion\/cargador_archivo.htm?file=cache\/pdf\/202316\/20231640_es.pdf&amp;mimetype=application\/pdf\" data-type=\"URL\" data-id=\"https:\/\/eportal.miteco.gob.es\/BoleHWeb\/accion\/cargador_archivo.htm?file=cache\/pdf\/202316\/20231640_es.pdf&amp;mimetype=application\/pdf\" target=\"_blank\" rel=\"noreferrer noopener\">la cifra actual ni siquiera alcanza los 29.000 hm<sup>3<\/sup><\/a>.<\/p>\n\n\n\n<p>Sin embargo, no solo es importante \u201ccu\u00e1nto\u201d ha dejado de llover. Tambi\u00e9n lo es, y mucho, el \u201ccu\u00e1ndo\u201d. Y es que el trigo, por ejemplo, necesita agua en marzo y abril para granar. De poco sirve que se recupere el agua con mucha precipitaci\u00f3n m\u00e1s adelante. <\/p>\n\n\n\n<div style=\"height:0px\" aria-hidden=\"true\" class=\"wp-block-spacer\"><\/div>\n\n\n\n<p>Seg\u00fan la <a href=\"https:\/\/coag.com.es\/quienes-somos\/\" target=\"_blank\" data-type=\"URL\" data-id=\"https:\/\/coag.com.es\/quienes-somos\/\" rel=\"noreferrer noopener\">COAG <\/a>(Coordinadora de Organizaciones de Agricultores y Ganaderos), la mayor\u00eda de las cosechas de trigo y cebada en la mitad sur de la Pen\u00ednsula ya se dan por perdidas. Las de la mitad norte peligran si no llega la lluvia.&nbsp;<\/p>\n\n\n\n<p>Pero no solo las sequ\u00edas son cada vez m\u00e1s frecuentes. Tambi\u00e9n lo son las <a href=\"https:\/\/meteoglosario.aemet.es\/es\/termino\/376_calima\" data-type=\"URL\" data-id=\"https:\/\/meteoglosario.aemet.es\/es\/termino\/376_calima\" target=\"_blank\" rel=\"noreferrer noopener\">calimas<\/a> o las ya conocidas como <a href=\"https:\/\/meteoglosario.aemet.es\/es\/termino\/219_dana-o-gota-fria\" data-type=\"URL\" data-id=\"https:\/\/meteoglosario.aemet.es\/es\/termino\/219_dana-o-gota-fria\" target=\"_blank\" rel=\"noreferrer noopener\">DANA o gotas fr\u00edas<\/a>. \u00bfPor qu\u00e9? \u00bfC\u00f3mo influye el calentamiento global? La clave est\u00e1 en la corriente en chorro que circula en torno al Polo Norte.&nbsp;El chorro polar. <\/p>\n\n\n\n<div style=\"height:0px\" aria-hidden=\"true\" class=\"wp-block-spacer\"><\/div>\n\n\n\n<h5 class=\"wp-block-heading\">\u00bfQu\u00e9 es el chorro polar?<\/h5>\n\n\n\n<div style=\"height:0px\" aria-hidden=\"true\" class=\"wp-block-spacer\"><\/div>\n\n\n\n<figure class=\"wp-block-image alignright size-medium is-resized\"><img loading=\"lazy\" decoding=\"async\" src=\"https:\/\/cobcm.net\/wp-content\/uploadssite3\/sites\/3\/2023\/05\/nubes_corrientechorro-300x282.jpg\" alt=\"chorro polar\n\" class=\"wp-image-5266\" width=\"303\" height=\"285\" srcset=\"https:\/\/cobcm.net\/wp-content\/uploads\/sites\/3\/2023\/05\/nubes_corrientechorro-300x282.jpg 300w, https:\/\/cobcm.net\/wp-content\/uploads\/sites\/3\/2023\/05\/nubes_corrientechorro.jpg 525w\" sizes=\"(max-width: 303px) 100vw, 303px\" \/><figcaption class=\"wp-element-caption\"><sub>Nubes se unen a una corriente en chorro, Canad\u00e1 \/ Wikipedia<\/sub><\/figcaption><\/figure>\n\n\n\n<p>Una <a href=\"https:\/\/meteoglosario.aemet.es\/es\/termino\/220_corriente-en-chorro\" data-type=\"URL\" data-id=\"https:\/\/meteoglosario.aemet.es\/es\/termino\/220_corriente-en-chorro\" target=\"_blank\" rel=\"noreferrer noopener\">corriente en chorro<\/a> es una corriente atmosf\u00e9rica de vientos  relativamente intensos. La polar es la predominante, y est\u00e1 asociada al frente polar de latitudes medias. Se concentra en la alta troposfera (a unos 11.000 metros de altura) y da la vuelta a todo el globo. <\/p>\n\n\n\n<p>Se forma por las diferencias de temperaturas entre el ecuador y el polo, las cuales generan diferencias de presi\u00f3n que provocan los flujos de aire. A mayor diferencia de temperaturas, mayor intensidad de la corriente en chorro. Por eso, la velocidad del chorro polar es mayor en invierno (polo m\u00e1s fr\u00edo) y menor en verano. En teor\u00eda, deber\u00eda circular con meandros d\u00e9biles en invierno y meandros fuertes en verano.<\/p>\n\n\n\n<h5 class=\"wp-block-heading\">\u00bfHacia d\u00f3nde nos dirigimos?<\/h5>\n\n\n\n<div style=\"height:0px\" aria-hidden=\"true\" class=\"wp-block-spacer\"><\/div>\n\n\n\n<p>El calentamiento global est\u00e1 calentando a mayor ritmo (m\u00e1s del doble) las regiones polares del norte que las ecuatoriales. Esto ha provocado que el chorro polar se desplace a latitudes m\u00e1s altas, que su velocidad disminuya y que sus meandros sean m\u00e1s intensos. \u00bfEl resultado? Que sean m\u00e1s frecuentes los cambios bruscos en el tiempo atmosf\u00e9rico : sequ\u00edas, gotas fr\u00edas, calimas&#8230;<\/p>\n\n\n\n<p>Tal y como explica <a href=\"https:\/\/www.ipcc.ch\/report\/ar6\/syr\/resources\/spm-headline-statements\/\" data-type=\"URL\" data-id=\"https:\/\/www.ipcc.ch\/report\/ar6\/syr\/resources\/spm-headline-statements\/\" target=\"_blank\" rel=\"noreferrer noopener\">el IPCC (Interngovernmental Panel on Climate Change) m\u00e1s reciente<\/a>, muchos de los riesgos clim\u00e1ticos a los que deberemos hacer frente en los pr\u00f3ximos a\u00f1os son mayores de lo que se hab\u00eda estimado en informes anteriores, as\u00ed como su impacto previsto a largo plazo. <\/p>\n\n\n\n<p>Llegados a este punto, admiten desde el IPCC, ser\u00e1 complicado mantener el calentamiento de nuestro planeta por debajo de los 2\u00baC, por lo que resulta esencial comprender los riesgos (clim\u00e1ticos y no clim\u00e1ticos) a los que tendremos que hacer frente para desarrollar las medidas de adaptaci\u00f3n adecuadas, ahora y en el futuro pr\u00f3ximo.  <\/p>\n\n\n\n<blockquote class=\"wp-block-quote is-layout-flow wp-block-quote-is-layout-flow\">\n<p>Las opciones de adaptaci\u00f3n que son factibles y efectivas hoy en d\u00eda se ver\u00e1n limitadas y ser\u00e1n menos efectivas a medida que aumente el calentamiento global<\/p>\n<cite>IPCC, 2023<\/cite><\/blockquote>\n\n\n\n<p>La ventana de actuaci\u00f3n para mitigar estos efectos clim\u00e1ticos extremos del calentamiento global se va cerrando r\u00e1pidamente. Entre otras muchas medidas, se necesitan m\u00e9todos m\u00e1s efectivos de almacenamiento de agua potable, <a href=\"https:\/\/cobcm.net\/blogcobcm\/2023\/03\/07\/la-importancia-de-las-plantas\/\" data-type=\"post\" data-id=\"5011\">aumentar las superficies arboladas<\/a> para controlar las riadas frente a lluvias torrenciales y desarrollar especies de cultivos m\u00e1s resistentes a la falta de agua.<\/p>\n\n\n\n<figure class=\"wp-block-image size-large\"><img loading=\"lazy\" decoding=\"async\" width=\"1024\" height=\"542\" src=\"https:\/\/cobcm.net\/wp-content\/uploadssite3\/sites\/3\/2023\/05\/IPCC_2023_fig1-1-1024x542.png\" alt=\"\" class=\"wp-image-5275\" srcset=\"https:\/\/cobcm.net\/wp-content\/uploads\/sites\/3\/2023\/05\/IPCC_2023_fig1-1-1024x542.png 1024w, https:\/\/cobcm.net\/wp-content\/uploads\/sites\/3\/2023\/05\/IPCC_2023_fig1-1-300x159.png 300w, https:\/\/cobcm.net\/wp-content\/uploads\/sites\/3\/2023\/05\/IPCC_2023_fig1-1-768x407.png 768w, https:\/\/cobcm.net\/wp-content\/uploads\/sites\/3\/2023\/05\/IPCC_2023_fig1-1-1536x813.png 1536w, https:\/\/cobcm.net\/wp-content\/uploads\/sites\/3\/2023\/05\/IPCC_2023_fig1-1.png 2009w\" sizes=\"(max-width: 1024px) 100vw, 1024px\" \/><figcaption class=\"wp-element-caption\">La medida en la que generaciones actuales y futuras experimentar\u00e1n un mundo distinto y m\u00e1s caliente depende de las decisiones que tomemos ahora y en el futuro cercano \/ IPCC 2023<\/figcaption><\/figure>\n\n\n\n<div style=\"height:100px\" aria-hidden=\"true\" class=\"wp-block-spacer\"><\/div>\n\n\n\n<p>Autora: Beatriz L\u00f3pez Mu\u00f1oz<\/p>\n\n\n\n<p>Bi\u00f3loga. Experta en Comunicaci\u00f3n P\u00fablica y Divulgaci\u00f3n de la Ciencia (UAM).<\/p>\n","protected":false},"excerpt":{"rendered":"<p>La situaci\u00f3n de sequ\u00edas en nuestro pa\u00eds no deja de agravarse. De acuerdo a los datos de la AEMET, ha<\/p>\n","protected":false},"author":2606,"featured_media":5253,"comment_status":"closed","ping_status":"closed","sticky":false,"template":"","format":"standard","meta":{"footnotes":""},"categories":[21,3,1,722],"tags":[520],"class_list":["post-5252","post","type-post","status-publish","format-standard","has-post-thumbnail","hentry","category-divulgacion","category-cobcm","category-general","category-informacion","tag-calentamiento-global"],"_links":{"self":[{"href":"https:\/\/cobcm.net\/blogcobcm\/wp-json\/wp\/v2\/posts\/5252"}],"collection":[{"href":"https:\/\/cobcm.net\/blogcobcm\/wp-json\/wp\/v2\/posts"}],"about":[{"href":"https:\/\/cobcm.net\/blogcobcm\/wp-json\/wp\/v2\/types\/post"}],"author":[{"embeddable":true,"href":"https:\/\/cobcm.net\/blogcobcm\/wp-json\/wp\/v2\/users\/2606"}],"replies":[{"embeddable":true,"href":"https:\/\/cobcm.net\/blogcobcm\/wp-json\/wp\/v2\/comments?post=5252"}],"version-history":[{"count":39,"href":"https:\/\/cobcm.net\/blogcobcm\/wp-json\/wp\/v2\/posts\/5252\/revisions"}],"predecessor-version":[{"id":5298,"href":"https:\/\/cobcm.net\/blogcobcm\/wp-json\/wp\/v2\/posts\/5252\/revisions\/5298"}],"wp:featuredmedia":[{"embeddable":true,"href":"https:\/\/cobcm.net\/blogcobcm\/wp-json\/wp\/v2\/media\/5253"}],"wp:attachment":[{"href":"https:\/\/cobcm.net\/blogcobcm\/wp-json\/wp\/v2\/media?parent=5252"}],"wp:term":[{"taxonomy":"category","embeddable":true,"href":"https:\/\/cobcm.net\/blogcobcm\/wp-json\/wp\/v2\/categories?post=5252"},{"taxonomy":"post_tag","embeddable":true,"href":"https:\/\/cobcm.net\/blogcobcm\/wp-json\/wp\/v2\/tags?post=5252"}],"curies":[{"name":"wp","href":"https:\/\/api.w.org\/{rel}","templated":true}]}}