{"id":5332,"date":"2023-05-24T08:33:02","date_gmt":"2023-05-24T08:33:02","guid":{"rendered":"https:\/\/cobcm.net\/blogcobcm\/?p=5332"},"modified":"2023-05-24T08:33:03","modified_gmt":"2023-05-24T08:33:03","slug":"conferencias-orientacionprofesional","status":"publish","type":"post","link":"https:\/\/cobcm.net\/blogcobcm\/2023\/05\/24\/conferencias-orientacionprofesional\/","title":{"rendered":"Resumen de las Conferencias de Orientaci\u00f3n Profesional \u00abCarreras Biol\u00f3gicas en la Industria\u00bb"},"content":{"rendered":"\n<p>Los pasados 17 y 18 de mayo se llevaron a cabo las dos jornadas de las Conferencias de Orientaci\u00f3n Profesional sobre Carreras Biol\u00f3gicas en la Industria, organizadas por este Colegio en el marco de actividades de su 25 aniversario. Fueron dos <em>webinars<\/em> (que puedes ver en Youtube pinchando <a href=\"https:\/\/www.youtube.com\/@cobcm.biologosdemadrid7078\" data-type=\"URL\" data-id=\"https:\/\/www.youtube.com\/@cobcm.biologosdemadrid7078\" target=\"_blank\" rel=\"noreferrer noopener\">aqu\u00ed<\/a>) en los que contamos con cuatro ponentes distintos cada d\u00eda. Esta lista de ponentes estuvo conformada por diversos y magn\u00edficos perfiles de bi\u00f3logos o similares con experiencia en diferentes sectores de la Industria. Contaron su trayectoria, experiencia y consejos a todos los asistentes, un total de 53, la mayor\u00eda de ellos alumnos y alumnas de grados como Biolog\u00eda, Biolog\u00eda Sanitaria o Biolog\u00eda Ambiental. <\/p>\n\n\n<div class=\"wp-block-image\">\n<figure class=\"alignleft size-large is-resized\"><img loading=\"lazy\" decoding=\"async\" src=\"https:\/\/cobcm.net\/wp-content\/uploadssite3\/sites\/3\/2023\/05\/Conferencias-Orientacion-Profesional-1-1024x1024.png\" alt=\"\" class=\"wp-image-5341\" width=\"366\" height=\"366\" srcset=\"https:\/\/cobcm.net\/wp-content\/uploads\/sites\/3\/2023\/05\/Conferencias-Orientacion-Profesional-1-1024x1024.png 1024w, https:\/\/cobcm.net\/wp-content\/uploads\/sites\/3\/2023\/05\/Conferencias-Orientacion-Profesional-1-300x300.png 300w, https:\/\/cobcm.net\/wp-content\/uploads\/sites\/3\/2023\/05\/Conferencias-Orientacion-Profesional-1-150x150.png 150w, https:\/\/cobcm.net\/wp-content\/uploads\/sites\/3\/2023\/05\/Conferencias-Orientacion-Profesional-1-768x768.png 768w, https:\/\/cobcm.net\/wp-content\/uploads\/sites\/3\/2023\/05\/Conferencias-Orientacion-Profesional-1.png 1080w\" sizes=\"(max-width: 366px) 100vw, 366px\" \/><figcaption class=\"wp-element-caption\">Perfiles de los ponentes en la primera jornada de las Conferencias<\/figcaption><\/figure><\/div>\n\n\n<p>La primera jornada contamos con los perfiles de Eva Sotillo, Jesus Luis del Estal Mart\u00ednez, Javier Samsundar y Jose Antonio Pe\u00f1alba, que explicaron sus respectivas trayectorias en biotecnolog\u00eda y negocio, industria farmac\u00e9utica y consultor\u00eda alimentaria. <\/p>\n\n\n\n<p>En la segunda jornada contamos con los perfiles de Elena Mart\u00ednez, Paula L\u00f3pez, Rodrigo Hernando y Milagros Bonacchi, que expusieron sus experiencias en los sectores de la sanidad ambiental, la seguridad alimentaria, orientaci\u00f3n profesional a cient\u00edficos y el marketing en el sector ambiental-e\u00f3lico.<\/p>\n\n\n\n<div style=\"height:0px\" aria-hidden=\"true\" class=\"wp-block-spacer\"><\/div>\n\n\n<div class=\"wp-block-image\">\n<figure class=\"alignright size-large is-resized\"><img loading=\"lazy\" decoding=\"async\" src=\"https:\/\/cobcm.net\/wp-content\/uploadssite3\/sites\/3\/2023\/05\/Conferencias-Orientacion-Profesional2-1024x1024.png\" alt=\"\" class=\"wp-image-5343\" width=\"371\" height=\"371\" srcset=\"https:\/\/cobcm.net\/wp-content\/uploads\/sites\/3\/2023\/05\/Conferencias-Orientacion-Profesional2-1024x1024.png 1024w, https:\/\/cobcm.net\/wp-content\/uploads\/sites\/3\/2023\/05\/Conferencias-Orientacion-Profesional2-300x300.png 300w, https:\/\/cobcm.net\/wp-content\/uploads\/sites\/3\/2023\/05\/Conferencias-Orientacion-Profesional2-150x150.png 150w, https:\/\/cobcm.net\/wp-content\/uploads\/sites\/3\/2023\/05\/Conferencias-Orientacion-Profesional2-768x768.png 768w, https:\/\/cobcm.net\/wp-content\/uploads\/sites\/3\/2023\/05\/Conferencias-Orientacion-Profesional2.png 1080w\" sizes=\"(max-width: 371px) 100vw, 371px\" \/><figcaption class=\"wp-element-caption\">Perfiles de los ponentes en la segunda jornada de las Conferencias<\/figcaption><\/figure><\/div>\n\n\n<p>Todos los ponentes, adem\u00e1s de hablar sobre su trayectoria profesional y sus posiciones actuales, proporcionaron a los estudiantes consejos muy \u00fatiles y necesarios acerca de c\u00f3mo afrontar estas primeras etapas de su vida profesional tras terminar sus estudios.<\/p>\n\n\n\n<p>Todos coincidieron en la importancia de la proactividad, de perder el miedo a los nuevos retos y la relevancia del <em>networking<\/em>, ya sea de manera presencial o trav\u00e9s de redes sociales como LinkedIn. Tambi\u00e9n hicieron especial \u00e9nfasis en las ventajas que ofrecen los M\u00e1steres y las pr\u00e1cticas que ofrecen para adentrarse en sectores m\u00e1s espec\u00edficos, como el farmac\u00e9utico. <\/p>\n\n\n\n<div style=\"height:0px\" aria-hidden=\"true\" class=\"wp-block-spacer\"><\/div>\n\n\n\n<p>Tras estas Conferencias y gracias a la participaci\u00f3n de asistentes y ponentes, queda claro que la Biolog\u00eda es una ciencia de lo m\u00e1s multidisciplinar, que ofrece un <a href=\"https:\/\/cobcm.net\/actividades-profesionales-de-los-biologos\/\" target=\"_blank\" data-type=\"URL\" data-id=\"https:\/\/cobcm.net\/actividades-profesionales-de-los-biologos\/\" rel=\"noreferrer noopener\">ampl\u00edsimo abanico de opciones profesionales<\/a> en numerosos sectores. Sin embargo, muchos de ellos contin\u00faan pasando desapercibidos para la mayor\u00eda de estudiantes y reci\u00e9n graduados debido a una importante falta de orientaci\u00f3n profesional completa por parte de centros educativos y universidades. <\/p>\n\n\n\n<p>Por todo ello, y ante la buena recepci\u00f3n de estas Conferencias, desde el Colegio Oficial de Bi\u00f3logos de la Comunidad de Madrid esperamos poder realizar m\u00e1s actividades de Orientaci\u00f3n Profesional en el futuro pr\u00f3ximo, teniendo en cuenta todas las valoraciones y sugerencias de mejora por parte de los asistentes y ponentes, a los que agradecemos de nuevo su participaci\u00f3n y compromiso.<\/p>\n\n\n\n<div style=\"height:100px\" aria-hidden=\"true\" class=\"wp-block-spacer\"><\/div>\n\n\n\n<p>Autora: Beatriz L\u00f3pez Mu\u00f1oz.<\/p>\n\n\n\n<p>Bi\u00f3loga. Experta en Comunicaci\u00f3n P\u00fablica y Divulgaci\u00f3n Cient\u00edfica (UAM)<\/p>\n\n\n\n<div style=\"height:0px\" aria-hidden=\"true\" class=\"wp-block-spacer\"><\/div>\n\n\n\n<div style=\"height:0px\" aria-hidden=\"true\" class=\"wp-block-spacer\"><\/div>\n","protected":false},"excerpt":{"rendered":"<p>Los pasados 17 y 18 de mayo se llevaron a cabo las dos jornadas de las Conferencias de Orientaci\u00f3n Profesional<\/p>\n","protected":false},"author":2606,"featured_media":5333,"comment_status":"closed","ping_status":"closed","sticky":false,"template":"","format":"standard","meta":{"footnotes":""},"categories":[3,75,722,10],"tags":[384,92,39,551],"class_list":["post-5332","post","type-post","status-publish","format-standard","has-post-thumbnail","hentry","category-cobcm","category-formacion-2","category-informacion","category-recursos","tag-cobcm","tag-conferencias","tag-formacion","tag-jornadas"],"_links":{"self":[{"href":"https:\/\/cobcm.net\/blogcobcm\/wp-json\/wp\/v2\/posts\/5332"}],"collection":[{"href":"https:\/\/cobcm.net\/blogcobcm\/wp-json\/wp\/v2\/posts"}],"about":[{"href":"https:\/\/cobcm.net\/blogcobcm\/wp-json\/wp\/v2\/types\/post"}],"author":[{"embeddable":true,"href":"https:\/\/cobcm.net\/blogcobcm\/wp-json\/wp\/v2\/users\/2606"}],"replies":[{"embeddable":true,"href":"https:\/\/cobcm.net\/blogcobcm\/wp-json\/wp\/v2\/comments?post=5332"}],"version-history":[{"count":25,"href":"https:\/\/cobcm.net\/blogcobcm\/wp-json\/wp\/v2\/posts\/5332\/revisions"}],"predecessor-version":[{"id":5364,"href":"https:\/\/cobcm.net\/blogcobcm\/wp-json\/wp\/v2\/posts\/5332\/revisions\/5364"}],"wp:featuredmedia":[{"embeddable":true,"href":"https:\/\/cobcm.net\/blogcobcm\/wp-json\/wp\/v2\/media\/5333"}],"wp:attachment":[{"href":"https:\/\/cobcm.net\/blogcobcm\/wp-json\/wp\/v2\/media?parent=5332"}],"wp:term":[{"taxonomy":"category","embeddable":true,"href":"https:\/\/cobcm.net\/blogcobcm\/wp-json\/wp\/v2\/categories?post=5332"},{"taxonomy":"post_tag","embeddable":true,"href":"https:\/\/cobcm.net\/blogcobcm\/wp-json\/wp\/v2\/tags?post=5332"}],"curies":[{"name":"wp","href":"https:\/\/api.w.org\/{rel}","templated":true}]}}