{"id":5660,"date":"2024-04-22T16:50:31","date_gmt":"2024-04-22T16:50:31","guid":{"rendered":"https:\/\/cobcm.net\/blogcobcm\/?p=5660"},"modified":"2024-04-23T13:45:11","modified_gmt":"2024-04-23T13:45:11","slug":"dia-mundial-madre-tierra","status":"publish","type":"post","link":"https:\/\/cobcm.net\/blogcobcm\/2024\/04\/22\/dia-mundial-madre-tierra\/","title":{"rendered":"D\u00eda Mundial de la Madre Tierra. 22 de abril."},"content":{"rendered":"\n<p>El d\u00eda <strong>22 de abril se celebra el D\u00eda Internacional de la Madre Tierra<\/strong>, este d\u00eda se celebra desde el a\u00f1o 1970 con el objetivo de concienciar a la humanidad sobre los problemas generados por la superpoblaci\u00f3n, la contaminaci\u00f3n, la conservaci\u00f3n de la biodiversidad y otras preocupaciones ambientales.<\/p>\n\n\n<div class=\"wp-block-image\">\n<figure class=\"aligncenter size-large is-resized\"><img loading=\"lazy\" decoding=\"async\" width=\"1024\" height=\"1024\" src=\"https:\/\/cobcm.net\/wp-content\/uploads\/sites\/3\/2024\/04\/Dia-mundial-de-la-Tierra-1024x1024.png\" alt=\"Madre Tierra\" class=\"wp-image-5661\" style=\"width:530px;height:auto\" srcset=\"https:\/\/cobcm.net\/wp-content\/uploads\/sites\/3\/2024\/04\/Dia-mundial-de-la-Tierra-1024x1024.png 1024w, https:\/\/cobcm.net\/wp-content\/uploads\/sites\/3\/2024\/04\/Dia-mundial-de-la-Tierra-300x300.png 300w, https:\/\/cobcm.net\/wp-content\/uploads\/sites\/3\/2024\/04\/Dia-mundial-de-la-Tierra-150x150.png 150w, https:\/\/cobcm.net\/wp-content\/uploads\/sites\/3\/2024\/04\/Dia-mundial-de-la-Tierra-768x768.png 768w, https:\/\/cobcm.net\/wp-content\/uploads\/sites\/3\/2024\/04\/Dia-mundial-de-la-Tierra.png 1080w\" sizes=\"(max-width: 1024px) 100vw, 1024px\" \/><\/figure><\/div>\n\n\n<div style=\"height:20px\" aria-hidden=\"true\" class=\"wp-block-spacer\"><\/div>\n\n\n\n<h5 class=\"wp-block-heading\"><strong>El origen del D\u00eda de la Tierra<\/strong><strong><\/strong><\/h5>\n\n\n\n<p>Cogemos la <em>tardis<\/em> para viajar al primer antecedente del&nbsp;<strong>D\u00eda de la Tierra<\/strong>&nbsp;ya que se retrotrae a 1968 cuando <a href=\"https:\/\/es.wikipedia.org\/w\/index.php?title=Morton_Hilbert&amp;action=edit&amp;redlink=1\" target=\"_blank\" rel=\"noreferrer noopener\">Morton Hilbert<\/a> del Servicio de Salud P\u00fablica de EEUU organiz\u00f3 el&nbsp;<strong><em>Simposio de Ecolog\u00eda Humana&nbsp;<\/em><\/strong>para que los estudiantes de diversos lugares escucharan a cient\u00edficos hablar sobre los efectos del deterioro ambiental en la salud humana. Este fue el primer antecedente del D\u00eda de la Tierra.<\/p>\n\n\n\n<p>Durante los siguientes dos a\u00f1os, Hilbert y sus estudiantes trabajaron para planear el primer D\u00eda de la Tierra. En este sentido, surgieron otros esfuerzos como Survival Project (Proyecto para la Supervivencia), uno de los primeros eventos educacionales de conciencia ambiental (1970). As\u00ed mismo,&nbsp;<a href=\"https:\/\/es.wikipedia.org\/wiki\/Ralph_Nader\" target=\"_blank\" rel=\"noreferrer noopener\">Ralph Nader<\/a>&nbsp;otro ec\u00f3logo empez\u00f3 a hablar acerca de la importancia de la&nbsp;<a href=\"https:\/\/es.wikipedia.org\/wiki\/Ecolog\u00eda\" target=\"_blank\" rel=\"noreferrer noopener\">ecolog\u00eda<\/a>&nbsp;en 1970. Siendo estos los padres y responsables de lo que despu\u00e9s vendr\u00eda.<\/p>\n\n\n\n<h5 class=\"wp-block-heading\"><strong>\u00a1Al fin! Un D\u00eda Mundial de la Tierra<\/strong><strong><\/strong><\/h5>\n\n\n\n<p>Aunque no fue hasta 1970 cuando el senador y activista ambiental Gaylord Nelson propuso la creaci\u00f3n de una agencia ambiental. Adem\u00e1s, realiz\u00f3 una manifestaci\u00f3n masiva a la que acudieron m\u00e1s de dos mil universidades, decenas de miles de escuelas p\u00fablicas y centenares de comunidades.<\/p>\n\n\n\n<p>Esta presi\u00f3n social dio sus resultados y el gobierno de los Estados Unidos cre\u00f3 la&nbsp;<strong>Agencia de Protecci\u00f3n Ambiental&nbsp;<\/strong>y un conjunto de leyes destinadas a la protecci\u00f3n del medio ambiente.<\/p>\n\n\n\n<p>En efecto, en 1972 se celebr\u00f3 la primera conferencia internacional sobre el medio ambiente, conocida como <strong><em>La Cumbre de la Tierra de Estocolmo<\/em><\/strong>, cuyo objetivo fue sensibilizar a los l\u00edderes mundiales sobre la magnitud de los problemas ambientales. <\/p>\n\n\n<div class=\"wp-block-image\">\n<figure class=\"aligncenter size-large is-resized\"><img loading=\"lazy\" decoding=\"async\" width=\"1024\" height=\"1024\" src=\"https:\/\/cobcm.net\/wp-content\/uploads\/sites\/3\/2024\/04\/Debate-para-elegir-el-dia-mundial-de-la-tierra-1024x1024.png\" alt=\"Madre Tierra\" class=\"wp-image-5663\" style=\"width:530px\" srcset=\"https:\/\/cobcm.net\/wp-content\/uploads\/sites\/3\/2024\/04\/Debate-para-elegir-el-dia-mundial-de-la-tierra-1024x1024.png 1024w, https:\/\/cobcm.net\/wp-content\/uploads\/sites\/3\/2024\/04\/Debate-para-elegir-el-dia-mundial-de-la-tierra-300x300.png 300w, https:\/\/cobcm.net\/wp-content\/uploads\/sites\/3\/2024\/04\/Debate-para-elegir-el-dia-mundial-de-la-tierra-150x150.png 150w, https:\/\/cobcm.net\/wp-content\/uploads\/sites\/3\/2024\/04\/Debate-para-elegir-el-dia-mundial-de-la-tierra-768x768.png 768w, https:\/\/cobcm.net\/wp-content\/uploads\/sites\/3\/2024\/04\/Debate-para-elegir-el-dia-mundial-de-la-tierra.png 1080w\" sizes=\"(max-width: 1024px) 100vw, 1024px\" \/><\/figure><\/div>\n\n\n<div style=\"height:20px\" aria-hidden=\"true\" class=\"wp-block-spacer\"><\/div>\n\n\n\n<h5 class=\"wp-block-heading\"><strong>Movimiento social por la Madre Tierra<\/strong><strong><\/strong><\/h5>\n\n\n\n<p>Desde entonces, y a lo largo de la historia de este&nbsp;<strong>D\u00eda Internacional de la Madre Tierra<\/strong>, se han llevado a cabo actuaciones muy importantes a nivel mundial, algunas de las cu\u00e1les merecen ser mencionadas. En concreto, en el 20 Aniversario de la celebraci\u00f3n en 1990:<\/p>\n\n\n\n<ul class=\"wp-block-list\">\n<li>En Asia, alpinistas chinos, sovi\u00e9ticos y estadounidenses formaron un equipo para recolectar basura dejada en el Monte Everest, reuniendo m\u00e1s de dos toneladas.<\/li>\n\n\n\n<li>En Francia, los participantes formaron una cadena humana a lo largo del R\u00edo Loira, alcanzando unos 800 km de longitud, para honrar que fuera uno de los \u00faltimos r\u00edos limpios de Europa.<\/li>\n\n\n\n<li>Cerca de 35.000 ambientalistas japoneses se reunieron en la Isla de los Sue\u00f1os, (una isla artificial, ubicada en la Bah\u00eda de Tokio, construida con basura) con el prop\u00f3sito de establecer un centro de reciclaje temporal, que posteriormente se ampli\u00f3.<\/li>\n<\/ul>\n\n\n<div class=\"wp-block-image\">\n<figure class=\"aligncenter size-large is-resized\"><img loading=\"lazy\" decoding=\"async\" width=\"1024\" height=\"1024\" src=\"https:\/\/cobcm.net\/wp-content\/uploads\/sites\/3\/2024\/04\/Union-social-por-el-dia-mundial-de-la-tierra-1024x1024.png\" alt=\"Madre Tierra\" class=\"wp-image-5664\" style=\"width:530px\" srcset=\"https:\/\/cobcm.net\/wp-content\/uploads\/sites\/3\/2024\/04\/Union-social-por-el-dia-mundial-de-la-tierra-1024x1024.png 1024w, https:\/\/cobcm.net\/wp-content\/uploads\/sites\/3\/2024\/04\/Union-social-por-el-dia-mundial-de-la-tierra-300x300.png 300w, https:\/\/cobcm.net\/wp-content\/uploads\/sites\/3\/2024\/04\/Union-social-por-el-dia-mundial-de-la-tierra-150x150.png 150w, https:\/\/cobcm.net\/wp-content\/uploads\/sites\/3\/2024\/04\/Union-social-por-el-dia-mundial-de-la-tierra-768x768.png 768w, https:\/\/cobcm.net\/wp-content\/uploads\/sites\/3\/2024\/04\/Union-social-por-el-dia-mundial-de-la-tierra.png 1080w\" sizes=\"(max-width: 1024px) 100vw, 1024px\" \/><\/figure><\/div>\n\n\n<div style=\"height:20px\" aria-hidden=\"true\" class=\"wp-block-spacer\"><\/div>\n\n\n\n<p>Desde el a\u00f1o 2005, la ONU ha puesto en marcha el llamado premio&nbsp;<strong><em>\u00abCampeones de la Tierra\u00bb<\/em><\/strong>. Este <strong>galard\u00f3n<\/strong>, que es el <strong>m\u00e1s importante en cuesti\u00f3n medioambiental<\/strong> del mundo, es para las personas o grupos que trabajan por el medio ambiente, que inspiran a otros y que defienden un futuro mejor para nuestro planeta.<\/p>\n\n\n\n<h5 class=\"wp-block-heading\"><strong>Ciudades verdes que ayuden a la Tierra<\/strong><strong><\/strong><\/h5>\n\n\n\n<p>Cada vez m\u00e1s se escucha el t\u00e9rmino ciudad sostenible o cuidad verde. Estas iniciativas son para reducir el impacto medioambiental y, por tanto, los da\u00f1os en contaminaci\u00f3n que se producen desde estos focos de concentraci\u00f3n humana. Esto implica una concienciaci\u00f3n social, cultural y pol\u00edtica para obtener estas ciudades.<\/p>\n\n\n\n<h5 class=\"wp-block-heading\"><strong>Conclusi\u00f3n<\/strong><strong><\/strong><\/h5>\n\n\n\n<p>El d\u00eda mundial de la tierra se puede relacionar con la hora del planeta, con el d\u00eda de la educaci\u00f3n ambiental, con el d\u00eda del medio ambiente, con el d\u00eda del agua, con el d\u00eda de la fauna, con el d\u00eda de la flora, con el d\u00eda de los \u00e1rboles, etc. En fin, que D\u00edas Mundiales hay tantos como Santos en el calendario. Pero, no podemos negar que su labor y valor en concienciaci\u00f3n, divulgaci\u00f3n y ciencia, son esenciales para que aprendamos todos a cuidar un poco mejor a nuestra querida madre Tierra.<\/p>\n\n\n\n<h5 class=\"wp-block-heading\"><strong>Referencias<\/strong><strong><\/strong><\/h5>\n\n\n\n<ol class=\"wp-block-list\">\n<li><a href=\"https:\/\/web.archive.org\/web\/20200531170322\/https:\/undocs.org\/es\/A\/RES\/63\/278\" target=\"_blank\" rel=\"noreferrer noopener\">\u00abResoluci\u00f3n aprobada por la Asamblea General el 22 de abril de 2009\u00bb<\/a>&nbsp;(PDF). Sexag\u00e9simo tercer per\u00edodo de sesiones. A\/RES\/63\/278.&nbsp;<em>Asamblea General<\/em>&nbsp;(Naciones Unidas). 1 de mayo de 2009.<\/li>\n\n\n\n<li>B\u00e5dsvik, Solveig (1 de noviembre de 2015).&nbsp;<a href=\"https:\/\/web.archive.org\/web\/20200404001035\/https:\/www.dagbladet.no\/nyheter\/hippieguruen-drepte-kjaeresten---stakk-av-til-et-liv-i-sus-og-dus\/60582085\" target=\"_blank\" rel=\"noreferrer noopener\">\u00abHippieguruen drepte kj\u00e6resten &#8211; stakk av til et liv i sus og dus\u00bb<\/a>&nbsp;(en noruego).&nbsp;<a href=\"https:\/\/es.wikipedia.org\/wiki\/Dagbladet\" target=\"_blank\" rel=\"noreferrer noopener\">Dagbladet<\/a>. Archivado desde&nbsp;<a href=\"https:\/\/www.dagbladet.no\/nyheter\/hippieguruen-drepte-kjaeresten---stakk-av-til-et-liv-i-sus-og-dus\/60582085\" target=\"_blank\" rel=\"noreferrer noopener\">el original<\/a>&nbsp;el 4 de abril de 2020. Consultado el 4 de abril de 2020. \u00abIra Einhorn era un \u00e1vido oponente de la violencia y la guerra de Vietnam. Pero tambi\u00e9n autoproclamado ecologista y uno de los iniciadores del D\u00eda de la Tierra, organizado por primera vez en los Estados Unidos el 22 de abril de 1970.\u00bb<\/li>\n\n\n\n<li>Gaylord Nelson; Susan Campbell; Paul R. Wozniak (4 de octubre de 2002).&nbsp;<a href=\"http:\/\/books.google.com\/books?id=MEeaVzI0NsgC&amp;pg=PA7\" target=\"_blank\" rel=\"noreferrer noopener\"><em>Beyond Earth Day: fulfilling the promise<\/em><\/a>. Univ of Wisconsin Press. p.&nbsp;7.&nbsp;<a href=\"https:\/\/es.wikipedia.org\/wiki\/ISBN\" target=\"_blank\" rel=\"noopener\">ISBN<\/a>&nbsp;<a href=\"https:\/\/es.wikipedia.org\/wiki\/Especial:FuentesDeLibros\/978-0-299-18040-9\" target=\"_blank\" rel=\"noreferrer noopener\">978-0-299-18040-9<\/a>.<\/li>\n\n\n\n<li>Finney, John W. (15 de abril de 1971).&nbsp;<a href=\"http:\/\/select.nytimes.com\/gst\/abstract.html?res=FB0917F73A5F127A93C7A8178FD85F458785F9\" target=\"_blank\" rel=\"noreferrer noopener\">\u00abMuski says FBI spied at rallies on &#8217;70 Earth Day\u00bb<\/a>.&nbsp;<a href=\"https:\/\/es.wikipedia.org\/wiki\/The_New_York_Times\" target=\"_blank\" rel=\"noopener\"><em>The New York Times<\/em><\/a>. p.&nbsp;1.<\/li>\n\n\n\n<li>\u00abOf Leo and Lenin: Happy Earth Day from the Religious Right\u00bb.&nbsp;<em>Church &amp; State<\/em>&nbsp;<strong>53<\/strong>&nbsp;(5): 20. mayo de 2000.<\/li>\n\n\n\n<li>Steiner, Achim (9 de mayo de 2018).&nbsp;<a href=\"https:\/\/dx.doi.org\/10.18356\/fc93bedc-en\" target=\"_blank\" rel=\"noreferrer noopener\">\u00abOur planet, final reflections\u00bb<\/a>.&nbsp;<em>Our Planet<\/em>&nbsp;<strong>2016<\/strong>&nbsp;(2): 4-5.&nbsp;<a href=\"https:\/\/es.wikipedia.org\/wiki\/ISSN\" target=\"_blank\" rel=\"noopener\">ISSN<\/a>&nbsp;<a href=\"https:\/\/portal.issn.org\/resource\/issn\/1564-9016\" target=\"_blank\" rel=\"noopener\">1564-9016<\/a>.&nbsp;<a href=\"https:\/\/es.wikipedia.org\/wiki\/Digital_object_identifier\" target=\"_blank\" rel=\"noopener\">doi<\/a>:<a href=\"https:\/\/dx.doi.org\/10.18356%2Ffc93bedc-en\" target=\"_blank\" rel=\"noreferrer noopener\">10.18356\/fc93bedc-en<\/a>. Consultado el 1 de abril de 2024.<\/li>\n<\/ol>\n\n\n\n<div style=\"height:50px\" aria-hidden=\"true\" class=\"wp-block-spacer\"><\/div>\n\n\n\n<p>Autora: Ana Mar\u00eda Mor\u00f3n.&nbsp;<a rel=\"noreferrer noopener\" href=\"https:\/\/www.youtube.com\/channel\/UC7JDKNobjBqNdyJetepwkDg\" target=\"_blank\">Ammu Neuroscience&amp;Biology<\/a>.<\/p>\n","protected":false},"excerpt":{"rendered":"<p>El d\u00eda 22 de abril se celebra el D\u00eda Internacional de la Madre Tierra, este d\u00eda se celebra desde el<\/p>\n","protected":false},"author":314,"featured_media":5665,"comment_status":"closed","ping_status":"closed","sticky":false,"template":"","format":"standard","meta":{"footnotes":""},"categories":[21,3],"tags":[822],"class_list":["post-5660","post","type-post","status-publish","format-standard","has-post-thumbnail","hentry","category-divulgacion","category-cobcm","tag-madre-tierra"],"_links":{"self":[{"href":"https:\/\/cobcm.net\/blogcobcm\/wp-json\/wp\/v2\/posts\/5660"}],"collection":[{"href":"https:\/\/cobcm.net\/blogcobcm\/wp-json\/wp\/v2\/posts"}],"about":[{"href":"https:\/\/cobcm.net\/blogcobcm\/wp-json\/wp\/v2\/types\/post"}],"author":[{"embeddable":true,"href":"https:\/\/cobcm.net\/blogcobcm\/wp-json\/wp\/v2\/users\/314"}],"replies":[{"embeddable":true,"href":"https:\/\/cobcm.net\/blogcobcm\/wp-json\/wp\/v2\/comments?post=5660"}],"version-history":[{"count":5,"href":"https:\/\/cobcm.net\/blogcobcm\/wp-json\/wp\/v2\/posts\/5660\/revisions"}],"predecessor-version":[{"id":5669,"href":"https:\/\/cobcm.net\/blogcobcm\/wp-json\/wp\/v2\/posts\/5660\/revisions\/5669"}],"wp:featuredmedia":[{"embeddable":true,"href":"https:\/\/cobcm.net\/blogcobcm\/wp-json\/wp\/v2\/media\/5665"}],"wp:attachment":[{"href":"https:\/\/cobcm.net\/blogcobcm\/wp-json\/wp\/v2\/media?parent=5660"}],"wp:term":[{"taxonomy":"category","embeddable":true,"href":"https:\/\/cobcm.net\/blogcobcm\/wp-json\/wp\/v2\/categories?post=5660"},{"taxonomy":"post_tag","embeddable":true,"href":"https:\/\/cobcm.net\/blogcobcm\/wp-json\/wp\/v2\/tags?post=5660"}],"curies":[{"name":"wp","href":"https:\/\/api.w.org\/{rel}","templated":true}]}}