{"id":658,"date":"2013-11-15T06:10:20","date_gmt":"2013-11-15T05:10:20","guid":{"rendered":"http:\/\/blog.cobcm.net\/?p=658"},"modified":"2013-11-14T21:27:26","modified_gmt":"2013-11-14T20:27:26","slug":"maria-teresa-corcuera-en-este-pais-no-se-sabe-lo-que-es-un-biologo","status":"publish","type":"post","link":"https:\/\/cobcm.net\/blogcobcm\/2013\/11\/15\/maria-teresa-corcuera-en-este-pais-no-se-sabe-lo-que-es-un-biologo\/","title":{"rendered":"Mar\u00eda Teresa Corcuera: \u00abEn este pa\u00eds no se sabe lo que es un bi\u00f3logo\u00bb"},"content":{"rendered":"<p><a href=\"https:\/\/cobcm.net\/blogcobcm\/wp-content\/uploads\/sites\/32013\/11\/expo.jpg\"><img loading=\"lazy\" decoding=\"async\" src=\"https:\/\/cobcm.net\/blogcobcm\/wp-content\/uploads\/sites\/32013\/11\/expo.jpg\" alt=\"\" title=\"expo\" width=\"595\" height=\"225\" class=\"aligncenter size-full wp-image-659\" srcset=\"https:\/\/cobcm.net\/wp-content\/uploads\/sites\/3\/2013\/11\/expo.jpg 595w, https:\/\/cobcm.net\/wp-content\/uploads\/sites\/3\/2013\/11\/expo-300x113.jpg 300w\" sizes=\"(max-width: 595px) 100vw, 595px\" \/><\/a><br \/>\nDos son los motivos que han llevado a la<strong> bi\u00f3loga Mar\u00eda Teresa Corcuera<\/strong> a mostrar en una exposici\u00f3n fotogr\u00e1fica lo que a diario ve con su microscopio: mostrar c\u00f3mo la ciencia puede convertirse en arte y dar a conocer al bi\u00f3logo, seg\u00fan declara la investigadora en <a href=\"http:\/\/www.elpardo.net\/2013\/11\/08\/exposicion-biomicrocosmos-el-pardo\/\" target=\"_blank\" rel=\"noopener\">esta <strong>entrevista<\/strong><\/a> relacionada con su <strong>exposici\u00f3n \u00abBiomicrocosmos. La revelaci\u00f3n de lo invisible\u00bb<\/strong>, que patrocina el Colegio Oficial de Bi\u00f3logos de la Comunidad de Madrid. \u00abQueremos transmitir el porqu\u00e9 estamos aqu\u00ed, ya que, por desgracia,<strong> en este pa\u00eds no se sabe lo que es un bi\u00f3logo<\/strong>. No solo gestionamos el medio ambiente; somos mucho m\u00e1s\u00bb, afirma Corcuera.<\/p>\n<p>Su pasi\u00f3n por la biolog\u00eda queda patente en una muestra compuesta por treinta fotograf\u00edas que en estos momentos se expone en  el Centro Sociocultural Alfonso XII de El Pardo (Madrid). El trabajo con un microscopio \u00f3ptico y otro electr\u00f3nico \u00abes un mundo apasionante por el que cualquiera que se asome puede sentirse transportado\u00bb, asegura la bi\u00f3loga en relaci\u00f3n con su trabajo. <strong>Fotograf\u00eda, microscop\u00eda, arte y ciencia<\/strong> se conjugan en una exposici\u00f3n sugerente en la que cada obra tiene un t\u00edtulo po\u00e9tico que explica lo que sugiere la foto a su autora, pero tambi\u00e9n el proceso por el que se tom\u00f3 y qu\u00e9 tipo de muestra es. <\/p>\n","protected":false},"excerpt":{"rendered":"<p>Dos son los motivos que han llevado a la bi\u00f3loga Mar\u00eda Teresa Corcuera a mostrar en una exposici\u00f3n fotogr\u00e1fica lo<\/p>\n","protected":false},"author":2,"featured_media":0,"comment_status":"open","ping_status":"open","sticky":false,"template":"","format":"standard","meta":{"footnotes":""},"categories":[3],"tags":[],"class_list":["post-658","post","type-post","status-publish","format-standard","hentry","category-cobcm"],"_links":{"self":[{"href":"https:\/\/cobcm.net\/blogcobcm\/wp-json\/wp\/v2\/posts\/658"}],"collection":[{"href":"https:\/\/cobcm.net\/blogcobcm\/wp-json\/wp\/v2\/posts"}],"about":[{"href":"https:\/\/cobcm.net\/blogcobcm\/wp-json\/wp\/v2\/types\/post"}],"author":[{"embeddable":true,"href":"https:\/\/cobcm.net\/blogcobcm\/wp-json\/wp\/v2\/users\/2"}],"replies":[{"embeddable":true,"href":"https:\/\/cobcm.net\/blogcobcm\/wp-json\/wp\/v2\/comments?post=658"}],"version-history":[{"count":2,"href":"https:\/\/cobcm.net\/blogcobcm\/wp-json\/wp\/v2\/posts\/658\/revisions"}],"predecessor-version":[{"id":661,"href":"https:\/\/cobcm.net\/blogcobcm\/wp-json\/wp\/v2\/posts\/658\/revisions\/661"}],"wp:attachment":[{"href":"https:\/\/cobcm.net\/blogcobcm\/wp-json\/wp\/v2\/media?parent=658"}],"wp:term":[{"taxonomy":"category","embeddable":true,"href":"https:\/\/cobcm.net\/blogcobcm\/wp-json\/wp\/v2\/categories?post=658"},{"taxonomy":"post_tag","embeddable":true,"href":"https:\/\/cobcm.net\/blogcobcm\/wp-json\/wp\/v2\/tags?post=658"}],"curies":[{"name":"wp","href":"https:\/\/api.w.org\/{rel}","templated":true}]}}