{"id":840,"date":"2014-10-21T14:43:00","date_gmt":"2014-10-21T13:43:00","guid":{"rendered":"http:\/\/blog.cobcm.net\/?p=840"},"modified":"2014-10-21T14:48:35","modified_gmt":"2014-10-21T13:48:35","slug":"programa-nuestro-medio-para-educacion-ambiental-en-madrid","status":"publish","type":"post","link":"https:\/\/cobcm.net\/blogcobcm\/2014\/10\/21\/programa-nuestro-medio-para-educacion-ambiental-en-madrid\/","title":{"rendered":"Programa Nuestro Medio para educaci\u00f3n ambiental en Madrid"},"content":{"rendered":"<p><a href=\"https:\/\/cobcm.net\/blogcobcm\/wp-content\/uploads\/sites\/32014\/10\/eco.jpg\"><img loading=\"lazy\" decoding=\"async\" src=\"https:\/\/cobcm.net\/blogcobcm\/wp-content\/uploads\/sites\/32014\/10\/eco.jpg\" alt=\"\" title=\"eco\" width=\"600\" height=\"250\" class=\"aligncenter size-full wp-image-843\" srcset=\"https:\/\/cobcm.net\/wp-content\/uploads\/sites\/3\/2014\/10\/eco.jpg 600w, https:\/\/cobcm.net\/wp-content\/uploads\/sites\/3\/2014\/10\/eco-300x125.jpg 300w\" sizes=\"(max-width: 600px) 100vw, 600px\" \/><\/a><\/p>\n<p>El COBCM y la UCM organizan <strong>Programa Nuestro Medio (Aula Verde)<\/strong>, una actividad  dirigida a centros educativos (2\u00ba ciclo de ESO y Bachillerato) e incluida en el programa de Educaci\u00f3n Ambiental 2014- 2015 de la Subdirecci\u00f3n General de Formaci\u00f3n del Profesorado de la Comunidad de Madrid.<\/p>\n<p>El Programa Nuestro Medio tiene dos objetivos fundamentales: la obtenci\u00f3n de una serie de indicadores que sean capaces de medir de forma m\u00e1s o menos precisa el estado del medio ambiente del municipio en el que se ponga en pr\u00e1ctica, y la implicaci\u00f3n de los estudiantes residentes en el municipio en la toma de datos de dichos indicadores.<\/p>\n<p>Si tu centro est\u00e1 interesado en participar en esta actividad, ponte en contacto con el COBCM en la direcci\u00f3n electr\u00f3nica cobcm@cobcm.net antes del 28 de noviembre de 2014.<\/p>\n<p>Puedes descargar un pdf con todos los detalles del proyecto aqu\u00ed : <a href=\"http:\/\/www.cobcm.net\/COBCM\/Anexos\/1-2723-3-PROGRAMANUESTROMEDIO.pdf\">http:\/\/www.cobcm.net\/COBCM\/Anexos\/1-2723-3-PROGRAMANUESTROMEDIO.pdf<\/a><\/p>\n","protected":false},"excerpt":{"rendered":"<p>El COBCM y la UCM organizan Programa Nuestro Medio (Aula Verde), una actividad dirigida a centros educativos (2\u00ba ciclo de<\/p>\n","protected":false},"author":2,"featured_media":0,"comment_status":"open","ping_status":"open","sticky":false,"template":"","format":"standard","meta":{"footnotes":""},"categories":[3,75],"tags":[43,32],"class_list":["post-840","post","type-post","status-publish","format-standard","hentry","category-cobcm","category-formacion-2","tag-educacion","tag-medio-ambiente"],"_links":{"self":[{"href":"https:\/\/cobcm.net\/blogcobcm\/wp-json\/wp\/v2\/posts\/840"}],"collection":[{"href":"https:\/\/cobcm.net\/blogcobcm\/wp-json\/wp\/v2\/posts"}],"about":[{"href":"https:\/\/cobcm.net\/blogcobcm\/wp-json\/wp\/v2\/types\/post"}],"author":[{"embeddable":true,"href":"https:\/\/cobcm.net\/blogcobcm\/wp-json\/wp\/v2\/users\/2"}],"replies":[{"embeddable":true,"href":"https:\/\/cobcm.net\/blogcobcm\/wp-json\/wp\/v2\/comments?post=840"}],"version-history":[{"count":3,"href":"https:\/\/cobcm.net\/blogcobcm\/wp-json\/wp\/v2\/posts\/840\/revisions"}],"predecessor-version":[{"id":842,"href":"https:\/\/cobcm.net\/blogcobcm\/wp-json\/wp\/v2\/posts\/840\/revisions\/842"}],"wp:attachment":[{"href":"https:\/\/cobcm.net\/blogcobcm\/wp-json\/wp\/v2\/media?parent=840"}],"wp:term":[{"taxonomy":"category","embeddable":true,"href":"https:\/\/cobcm.net\/blogcobcm\/wp-json\/wp\/v2\/categories?post=840"},{"taxonomy":"post_tag","embeddable":true,"href":"https:\/\/cobcm.net\/blogcobcm\/wp-json\/wp\/v2\/tags?post=840"}],"curies":[{"name":"wp","href":"https:\/\/api.w.org\/{rel}","templated":true}]}}